{"id":92,"date":"2014-05-05T20:53:30","date_gmt":"2014-05-05T18:53:30","guid":{"rendered":"https:\/\/www.parroquiaclaret.org\/fiesta-del-perdon-2014"},"modified":"2014-10-30T20:25:25","modified_gmt":"2014-10-30T19:25:25","slug":"fiesta-del-perdon-2014","status":"publish","type":"post","link":"https:\/\/www.parroquiaclaret.org\/?p=92","title":{"rendered":"Fiesta del Perd\u00f3n 2014"},"content":{"rendered":"<p>Los ni\u00f1os que celebrar\u00e1n su Primera Comuni\u00f3n el pr\u00f3ximo 31 de Mayo vivieron en un ambieste muy profundo y sencillo la Fiesta del perd\u00f3n el pasado viernes 25 de abril. Les acompa\u00f1aron los padre y algunos hermanos y abuelos.<br \/>\n<strong>\u00a1FELICIDADES A LOS NI\u00d1OS Y A SUS CATEQUISTAS!<\/strong><br \/>\n\n\t\t<style type=\"text\/css\">\n\t\t\t#gallery-1 {\n\t\t\t\tmargin: auto;\n\t\t\t}\n\t\t\t#gallery-1 .gallery-item {\n\t\t\t\tfloat: left;\n\t\t\t\tmargin-top: 10px;\n\t\t\t\ttext-align: center;\n\t\t\t\twidth: 33%;\n\t\t\t}\n\t\t\t#gallery-1 img {\n\t\t\t\tborder: 2px solid #cfcfcf;\n\t\t\t}\n\t\t\t#gallery-1 .gallery-caption {\n\t\t\t\tmargin-left: 0;\n\t\t\t}\n\t\t\t\/* see gallery_shortcode() in wp-includes\/media.php *\/\n\t\t<\/style>\n\t\t<div id='gallery-1' class='gallery galleryid-92 gallery-columns-3 gallery-size-thumbnail'><dl class='gallery-item'>\n\t\t\t<dt class='gallery-icon landscape'>\n\t\t\t\t<a href='https:\/\/www.parroquiaclaret.org\/?attachment_id=93'><img loading=\"lazy\" decoding=\"async\" width=\"150\" height=\"150\" src=\"https:\/\/www.parroquiaclaret.org\/wp-content\/uploads\/2014\/05\/2014-04-25_13-150x150.jpg\" class=\"attachment-thumbnail size-thumbnail\" alt=\"\" srcset=\"https:\/\/www.parroquiaclaret.org\/wp-content\/uploads\/2014\/05\/2014-04-25_13-150x150.jpg 150w, https:\/\/www.parroquiaclaret.org\/wp-content\/uploads\/2014\/05\/2014-04-25_13-200x200.jpg 200w\" sizes=\"auto, (max-width: 150px) 100vw, 150px\" \/><\/a>\n\t\t\t<\/dt><\/dl><dl class='gallery-item'>\n\t\t\t<dt class='gallery-icon landscape'>\n\t\t\t\t<a href='https:\/\/www.parroquiaclaret.org\/?attachment_id=94'><img loading=\"lazy\" decoding=\"async\" width=\"150\" height=\"150\" src=\"https:\/\/www.parroquiaclaret.org\/wp-content\/uploads\/2014\/05\/2014-04-25_14-150x150.jpg\" class=\"attachment-thumbnail size-thumbnail\" alt=\"\" srcset=\"https:\/\/www.parroquiaclaret.org\/wp-content\/uploads\/2014\/05\/2014-04-25_14-150x150.jpg 150w, https:\/\/www.parroquiaclaret.org\/wp-content\/uploads\/2014\/05\/2014-04-25_14-200x200.jpg 200w\" sizes=\"auto, (max-width: 150px) 100vw, 150px\" \/><\/a>\n\t\t\t<\/dt><\/dl><dl class='gallery-item'>\n\t\t\t<dt class='gallery-icon landscape'>\n\t\t\t\t<a href='https:\/\/www.parroquiaclaret.org\/?attachment_id=95'><img loading=\"lazy\" decoding=\"async\" width=\"150\" height=\"150\" src=\"https:\/\/www.parroquiaclaret.org\/wp-content\/uploads\/2014\/05\/2014-04-25_16-150x150.jpg\" class=\"attachment-thumbnail size-thumbnail\" alt=\"\" srcset=\"https:\/\/www.parroquiaclaret.org\/wp-content\/uploads\/2014\/05\/2014-04-25_16-150x150.jpg 150w, https:\/\/www.parroquiaclaret.org\/wp-content\/uploads\/2014\/05\/2014-04-25_16-200x200.jpg 200w\" sizes=\"auto, (max-width: 150px) 100vw, 150px\" \/><\/a>\n\t\t\t<\/dt><\/dl><br style=\"clear: both\" \/><dl class='gallery-item'>\n\t\t\t<dt class='gallery-icon landscape'>\n\t\t\t\t<a href='https:\/\/www.parroquiaclaret.org\/?attachment_id=96'><img loading=\"lazy\" decoding=\"async\" width=\"150\" height=\"150\" src=\"https:\/\/www.parroquiaclaret.org\/wp-content\/uploads\/2014\/05\/2014-04-25_12-150x150.jpg\" class=\"attachment-thumbnail size-thumbnail\" alt=\"\" srcset=\"https:\/\/www.parroquiaclaret.org\/wp-content\/uploads\/2014\/05\/2014-04-25_12-150x150.jpg 150w, https:\/\/www.parroquiaclaret.org\/wp-content\/uploads\/2014\/05\/2014-04-25_12-200x200.jpg 200w\" sizes=\"auto, (max-width: 150px) 100vw, 150px\" \/><\/a>\n\t\t\t<\/dt><\/dl>\n\t\t\t<br style='clear: both' \/>\n\t\t<\/div>\n<\/p>\n","protected":false},"excerpt":{"rendered":"<p>Los ni\u00f1os que celebrar\u00e1n su Primera Comuni\u00f3n el pr\u00f3ximo 31 de Mayo vivieron en un ambieste muy profundo y sencillo la Fiesta del perd\u00f3n el pasado viernes 25 de abril. Les acompa\u00f1aron los padre y algunos hermanos y abuelos. \u00a1FELICIDADES A LOS NI\u00d1OS Y A SUS CATEQUISTAS!<\/p>\n","protected":false},"author":1,"featured_media":0,"comment_status":"closed","ping_status":"closed","sticky":false,"template":"","format":"standard","meta":{"footnotes":""},"categories":[17,14,10,16,18,15,13],"tags":[30],"class_list":["post-92","post","type-post","status-publish","format-standard","hentry","category-edades","category-eucaristia","category-eventos","category-fiesta-del-perdon","category-ninos","category-primera-comunion","category-sacramentos","tag-edades"],"_links":{"self":[{"href":"https:\/\/www.parroquiaclaret.org\/index.php?rest_route=\/wp\/v2\/posts\/92","targetHints":{"allow":["GET"]}}],"collection":[{"href":"https:\/\/www.parroquiaclaret.org\/index.php?rest_route=\/wp\/v2\/posts"}],"about":[{"href":"https:\/\/www.parroquiaclaret.org\/index.php?rest_route=\/wp\/v2\/types\/post"}],"author":[{"embeddable":true,"href":"https:\/\/www.parroquiaclaret.org\/index.php?rest_route=\/wp\/v2\/users\/1"}],"replies":[{"embeddable":true,"href":"https:\/\/www.parroquiaclaret.org\/index.php?rest_route=%2Fwp%2Fv2%2Fcomments&post=92"}],"version-history":[{"count":2,"href":"https:\/\/www.parroquiaclaret.org\/index.php?rest_route=\/wp\/v2\/posts\/92\/revisions"}],"predecessor-version":[{"id":98,"href":"https:\/\/www.parroquiaclaret.org\/index.php?rest_route=\/wp\/v2\/posts\/92\/revisions\/98"}],"wp:attachment":[{"href":"https:\/\/www.parroquiaclaret.org\/index.php?rest_route=%2Fwp%2Fv2%2Fmedia&parent=92"}],"wp:term":[{"taxonomy":"category","embeddable":true,"href":"https:\/\/www.parroquiaclaret.org\/index.php?rest_route=%2Fwp%2Fv2%2Fcategories&post=92"},{"taxonomy":"post_tag","embeddable":true,"href":"https:\/\/www.parroquiaclaret.org\/index.php?rest_route=%2Fwp%2Fv2%2Ftags&post=92"}],"curies":[{"name":"wp","href":"https:\/\/api.w.org\/{rel}","templated":true}]}}