{"id":886,"date":"2018-06-11T17:19:29","date_gmt":"2018-06-11T15:19:29","guid":{"rendered":"https:\/\/www.parroquiaclaret.org\/caritas-mensaje-de-junio-anterior-a-la-colecta"},"modified":"2018-06-11T17:31:25","modified_gmt":"2018-06-11T15:31:25","slug":"caritas-mensaje-de-junio-anterior-a-la-colecta","status":"publish","type":"post","link":"https:\/\/www.parroquiaclaret.org\/?p=886","title":{"rendered":"C\u00e1ritas: Mensaje de junio anterior a la colecta"},"content":{"rendered":"<p><a href=\"https:\/\/www.parroquiaclaret.org\/2018\/06\/04\/contenedor-de-ropa-de-caritas\/parroquia-san-antonio-mari%e2%95%a0ua-claret-h\" rel=\"attachment wp-att-872\"><img loading=\"lazy\" decoding=\"async\" class=\"alignleft wp-image-872\" src=\"https:\/\/www.parroquiaclaret.org\/wp-content\/uploads\/2018\/06\/Parroquia-San-Antonio-Mari\u2560\u00fca-Claret-H-300x135.jpg\" alt=\"\" width=\"240\" height=\"108\" srcset=\"https:\/\/www.parroquiaclaret.org\/wp-content\/uploads\/2018\/06\/Parroquia-San-Antonio-Mari\u2560\u00fca-Claret-H-300x135.jpg 300w, https:\/\/www.parroquiaclaret.org\/wp-content\/uploads\/2018\/06\/Parroquia-San-Antonio-Mari\u2560\u00fca-Claret-H-768x347.jpg 768w, https:\/\/www.parroquiaclaret.org\/wp-content\/uploads\/2018\/06\/Parroquia-San-Antonio-Mari\u2560\u00fca-Claret-H.jpg 955w\" sizes=\"auto, (max-width: 240px) 100vw, 240px\" \/><\/a>El lema de la campa\u00f1a de este a\u00f1o: \u00abTu compromiso mejora el mundo\u00bb, sintetiza la necesidad de continuar la obra de Jes\u00fas.<\/p>\n<p>Compartir los bienes forma parte de dicho compromiso. Por ello, no debemos sentir la colecta como algo marginal a la eucarist\u00eda, como algo que se realiza mientras esta prosigue su curso.<\/p>\n<p>Os informamos que la Tienda de C\u00e1ritas cerrar\u00e1 el martes 12 de junio y permanecer\u00e1 cerrada hasta el 15 de septiembre. Por ello, de momento no se recibir\u00e1 m\u00e1s ropa en nuestras dependencias hasta nuevo aviso.<\/p>\n<p>Tambi\u00e9n hemos concluido un nuevo curso de nuestro Proyecto Esponja, volcado en el apoyo escolar a ni\u00f1os sin recursos y con dificultades de aprendizaje.<\/p>\n<p>En la p\u00e1gina web de la parroquia pod\u00e9is seguir nuestras actividades y proyectos.\u00a0 Encontrar\u00e9is tambi\u00e9n el resumen mensual de cuentas para que conozc\u00e1is el destino dado a vuestras aportaciones econ\u00f3micas.<\/p>\n<p>Muchas gracias.<\/p>\n","protected":false},"excerpt":{"rendered":"<p>El lema de la campa\u00f1a de este a\u00f1o: \u00abTu compromiso mejora el mundo\u00bb, sintetiza la necesidad de continuar la obra de Jes\u00fas. Compartir los bienes forma parte de dicho compromiso. Por ello, no debemos sentir la colecta como algo marginal a la eucarist\u00eda, como algo que se realiza mientras esta prosigue su curso. Os informamos [&hellip;]<\/p>\n","protected":false},"author":1,"featured_media":0,"comment_status":"closed","ping_status":"closed","sticky":false,"template":"","format":"standard","meta":{"footnotes":""},"categories":[58,60],"tags":[],"class_list":["post-886","post","type-post","status-publish","format-standard","hentry","category-caritas-parroquial","category-tienda-caritas"],"_links":{"self":[{"href":"https:\/\/www.parroquiaclaret.org\/index.php?rest_route=\/wp\/v2\/posts\/886","targetHints":{"allow":["GET"]}}],"collection":[{"href":"https:\/\/www.parroquiaclaret.org\/index.php?rest_route=\/wp\/v2\/posts"}],"about":[{"href":"https:\/\/www.parroquiaclaret.org\/index.php?rest_route=\/wp\/v2\/types\/post"}],"author":[{"embeddable":true,"href":"https:\/\/www.parroquiaclaret.org\/index.php?rest_route=\/wp\/v2\/users\/1"}],"replies":[{"embeddable":true,"href":"https:\/\/www.parroquiaclaret.org\/index.php?rest_route=%2Fwp%2Fv2%2Fcomments&post=886"}],"version-history":[{"count":4,"href":"https:\/\/www.parroquiaclaret.org\/index.php?rest_route=\/wp\/v2\/posts\/886\/revisions"}],"predecessor-version":[{"id":890,"href":"https:\/\/www.parroquiaclaret.org\/index.php?rest_route=\/wp\/v2\/posts\/886\/revisions\/890"}],"wp:attachment":[{"href":"https:\/\/www.parroquiaclaret.org\/index.php?rest_route=%2Fwp%2Fv2%2Fmedia&parent=886"}],"wp:term":[{"taxonomy":"category","embeddable":true,"href":"https:\/\/www.parroquiaclaret.org\/index.php?rest_route=%2Fwp%2Fv2%2Fcategories&post=886"},{"taxonomy":"post_tag","embeddable":true,"href":"https:\/\/www.parroquiaclaret.org\/index.php?rest_route=%2Fwp%2Fv2%2Ftags&post=886"}],"curies":[{"name":"wp","href":"https:\/\/api.w.org\/{rel}","templated":true}]}}