{"id":3832,"date":"2026-09-06T09:23:09","date_gmt":"2026-09-06T07:23:09","guid":{"rendered":"https:\/\/www.parroquiaclaret.org\/?p=3832"},"modified":"2026-09-06T09:23:09","modified_gmt":"2026-09-06T07:23:09","slug":"oracion-inspirada-en-las-lecturas-del-domigo-06-09-2026-tiempo-ordinario-23-ciclo-a","status":"publish","type":"post","link":"https:\/\/www.parroquiaclaret.org\/?p=3832","title":{"rendered":"ORACI\u00d3N INSPIRADA EN LAS LECTURAS DEL DOMIGO 06.09.2026.Tiempo ordinario 23. Ciclo A"},"content":{"rendered":"\n<p class=\"wp-block-paragraph\"><strong><u>Entra\u00f1ados<\/u><\/strong><\/p>\n\n\n\n<p class=\"wp-block-paragraph\">Juntos, entrelazados contigo, capaces de ser m\u00e1s audaces en el anuncio del Reino.<\/p>\n\n\n\n<p class=\"wp-block-paragraph\">Insertos en ti, capaces de m\u00e1s lealtad ante tanto y tanto individualismo y narcisismo.<\/p>\n\n\n\n<p class=\"wp-block-paragraph\">Agrupados, ante tu presencia, capaces de m\u00e1s centramiento en lo esencial frente a la dispersi\u00f3n.<\/p>\n\n\n\n<p class=\"wp-block-paragraph\">Reunidos, con tu presencia, capaces de m\u00e1s comuni\u00f3n de pensamiento, palabra y obra.<\/p>\n\n\n\n<p class=\"wp-block-paragraph\">Hombro con hombro, contigo, capaces de m\u00e1s humanidad por amor, por amar, por sembrar el reino.<\/p>\n\n\n\n<p class=\"wp-block-paragraph\">Anclados en ti, capaces de m\u00e1s cuidado de lo que de verdad merece la pena ser cuidado.<\/p>\n\n\n\n<p class=\"wp-block-paragraph\">Cimentados en ti, capaces de m\u00e1s testimonio de la nueva vida a la que todos estamos llamados.<\/p>\n\n\n\n<p class=\"wp-block-paragraph\">Aunados, contigo, capaces de ser m\u00e1s testigos de la fraternidad a la que estamos llamados.<\/p>\n\n\n\n<p class=\"wp-block-paragraph\">Injertados en ti, capaces de m\u00e1s esperanza diaria en los tiempos ansiosos que nos toca vivir.<\/p>\n\n\n\n<p class=\"wp-block-paragraph\">Implantados, en ti, capaces de m\u00e1s esperanza en estos tiempos sombr\u00edos.<\/p>\n\n\n\n<p class=\"wp-block-paragraph\">Arraigados en ti, capaces de m\u00e1s encuentro en estos tiempos de tanta soledad.<\/p>\n\n\n\n<p class=\"wp-block-paragraph\">Enraizados en ti, capaces de m\u00e1s confianza en las mejores capacidades del ser humano.<\/p>\n\n\n\n<p class=\"wp-block-paragraph\">Asentados en ti, capaces de m\u00e1s orientaci\u00f3n en medio de los desconciertos que vivimos.<\/p>\n\n\n\n<p class=\"wp-block-paragraph\">Juntos, ante tu presencia, capaces de m\u00e1s evangelio palpable y entendible.<\/p>\n\n\n\n<p class=\"wp-block-paragraph\">Congregados, por tu presencia, capaces de m\u00e1s gratuidad frente al inter\u00e9s egoc\u00e9ntrico.<\/p>\n\n\n\n<p class=\"wp-block-paragraph\">Cercanos, con tu presencia, capaces de m\u00e1s hondura en la convivencia.<\/p>\n\n\n\n<p class=\"wp-block-paragraph\">Compenetrados, por tu presencia, capaces de cuidar m\u00e1s la humanidad en estos tiempos de desconcierto.<\/p>\n\n\n\n<p class=\"wp-block-paragraph\">Cimentados en ti, capaces de m\u00e1s madurez, m\u00e1s crecimiento, m\u00e1s comunidad.<\/p>\n\n\n\n<p class=\"wp-block-paragraph\">Acompasados en tu presencia, capaces de m\u00e1s oraci\u00f3n y m\u00e1s silencio.<\/p>\n\n\n\n<p class=\"wp-block-paragraph\">Conectados con tu presencia, capaces de m\u00e1s sobriedad frente a los absurdos de la avidez.<\/p>\n\n\n\n<p class=\"wp-block-paragraph\">Afianzados en ti, capaces de m\u00e1s inteligencia y verdad ante tanta y tanta sandez y manipulaci\u00f3n.<\/p>\n\n\n\n<p class=\"wp-block-paragraph\">Fundados en ti, capaces de m\u00e1s respeto y m\u00e1s delicadeza ante tanto y tanto desprecio y abuso.<\/p>\n\n\n\n<p class=\"wp-block-paragraph\">Incorporados en ti, capaces de m\u00e1s paz y concordia en medio de las polarizaciones mal\u00e9volas.<\/p>\n\n\n\n<p class=\"wp-block-paragraph\">Entra\u00f1ados en ti, Se\u00f1or, entra\u00f1ados en ti.<\/p>\n\n\n\n<p class=\"wp-block-paragraph\">Am\u00e9n.<\/p>\n\n\n\n<p class=\"wp-block-paragraph\">Aleluya.<\/p>\n\n\n\n<p class=\"wp-block-paragraph\">Aleluya.<\/p>\n\n\n\n<p class=\"wp-block-paragraph\">Aleluya.<\/p>\n\n\n\n<p class=\"wp-block-paragraph\"><\/p>\n\n\n\n<p class=\"wp-block-paragraph\"><a href=\"mailto:carmeloampelio@gmail.com\">carmeloampelio@gmail.com<\/a> &nbsp;<\/p>\n\n\n\n<p class=\"wp-block-paragraph\"><a href=\"https:\/\/raspasdefuego.blogspot.com\/\">raspasdefuego.blogspot.com\/<\/a><\/p>\n\n\n\n<p class=\"wp-block-paragraph\"><\/p>\n","protected":false},"excerpt":{"rendered":"<p>Entra\u00f1ados Juntos, entrelazados contigo, capaces de ser m\u00e1s audaces en el anuncio del Reino. Insertos en ti, capaces de m\u00e1s lealtad ante tanto y tanto individualismo y narcisismo. Agrupados, ante tu presencia, capaces de m\u00e1s centramiento en lo esencial frente a la dispersi\u00f3n. Reunidos, con tu presencia, capaces de m\u00e1s comuni\u00f3n de pensamiento, palabra y [&hellip;]<\/p>\n","protected":false},"author":2,"featured_media":0,"comment_status":"closed","ping_status":"closed","sticky":false,"template":"","format":"standard","meta":{"footnotes":""},"categories":[156,153,157],"tags":[],"class_list":["post-3832","post","type-post","status-publish","format-standard","hentry","category-oraciones","category-oraciones-lecturas-domingo","category-oraciones-tiempo-ordinario"],"_links":{"self":[{"href":"https:\/\/www.parroquiaclaret.org\/index.php?rest_route=\/wp\/v2\/posts\/3832","targetHints":{"allow":["GET"]}}],"collection":[{"href":"https:\/\/www.parroquiaclaret.org\/index.php?rest_route=\/wp\/v2\/posts"}],"about":[{"href":"https:\/\/www.parroquiaclaret.org\/index.php?rest_route=\/wp\/v2\/types\/post"}],"author":[{"embeddable":true,"href":"https:\/\/www.parroquiaclaret.org\/index.php?rest_route=\/wp\/v2\/users\/2"}],"replies":[{"embeddable":true,"href":"https:\/\/www.parroquiaclaret.org\/index.php?rest_route=%2Fwp%2Fv2%2Fcomments&post=3832"}],"version-history":[{"count":1,"href":"https:\/\/www.parroquiaclaret.org\/index.php?rest_route=\/wp\/v2\/posts\/3832\/revisions"}],"predecessor-version":[{"id":3833,"href":"https:\/\/www.parroquiaclaret.org\/index.php?rest_route=\/wp\/v2\/posts\/3832\/revisions\/3833"}],"wp:attachment":[{"href":"https:\/\/www.parroquiaclaret.org\/index.php?rest_route=%2Fwp%2Fv2%2Fmedia&parent=3832"}],"wp:term":[{"taxonomy":"category","embeddable":true,"href":"https:\/\/www.parroquiaclaret.org\/index.php?rest_route=%2Fwp%2Fv2%2Fcategories&post=3832"},{"taxonomy":"post_tag","embeddable":true,"href":"https:\/\/www.parroquiaclaret.org\/index.php?rest_route=%2Fwp%2Fv2%2Ftags&post=3832"}],"curies":[{"name":"wp","href":"https:\/\/api.w.org\/{rel}","templated":true}]}}