{"id":3706,"date":"2026-03-14T22:58:17","date_gmt":"2026-03-14T21:58:17","guid":{"rendered":"https:\/\/www.parroquiaclaret.org\/?p=3706"},"modified":"2026-03-14T22:58:17","modified_gmt":"2026-03-14T21:58:17","slug":"oracion-inspirada-en-las-lecturas-del-domigo-4-de-cuaresma-15-3-2026-ciclo-a","status":"publish","type":"post","link":"https:\/\/www.parroquiaclaret.org\/?p=3706","title":{"rendered":"ORACI\u00d3N INSPIRADA EN LAS LECTURAS DEL DOMIGO 4 DE CUARESMA. 15.3.2026. CICLO A"},"content":{"rendered":"\n<p><span><u style=\"font-weight: bold\">VER<\/u><\/span><\/p>\n\n\n\n<p>Se\u00f1or, ver la alegr\u00eda de la fraternidad.<\/p>\n\n\n\n<p>Se\u00f1or, ver a los que caminan por la vida ligeros de equipaje.<\/p>\n\n\n\n<p>Se\u00f1or, ver a los aut\u00e9nticamente piadosos.<\/p>\n\n\n\n<p>Se\u00f1or, ver a los que proponen esperanzas razonables.<\/p>\n\n\n\n<p>Se\u00f1or, ver la biofilia de los mejores.<\/p>\n\n\n\n<p>Se\u00f1or, ver la bondad cotidiana.<\/p>\n\n\n\n<p>Se\u00f1or, ver los caminos del Reino.<\/p>\n\n\n\n<p>Se\u00f1or, ver la comuni\u00f3n de los santos.<\/p>\n\n\n\n<p>Se\u00f1or, ver a los comprometidos por un mundo mejor.<\/p>\n\n\n\n<p>Se\u00f1or, ver la consistencia de la esperanza.<\/p>\n\n\n\n<p>Se\u00f1or, ver a los que ense\u00f1an a rezar.<\/p>\n\n\n\n<p>Se\u00f1or, ver a los creadores de novedades espirituales.<\/p>\n\n\n\n<p>Se\u00f1or, ver los destellos de santidad.<\/p>\n\n\n\n<p>Se\u00f1or, ver a los de manos diligentes para el cuidado de los que sufren.<\/p>\n\n\n\n<p>Se\u00f1or, ver la fuerza de la fe.<\/p>\n\n\n\n<p>Se\u00f1or, ver a los hombres de fe.<\/p>\n\n\n\n<p>Se\u00f1or, ver la humanidad de la caridad.<\/p>\n\n\n\n<p>Se\u00f1or, ver a los impulsados por el Esp\u00edritu.<\/p>\n\n\n\n<p>Se\u00f1or, ver a los justos entre los hombres.<\/p>\n\n\n\n<p>Se\u00f1or, ver a los que mantienen las manos caritativas de la Iglesia.<\/p>\n\n\n\n<p>Se\u00f1or, ver la liberaci\u00f3n de las propias cadenas.<\/p>\n\n\n\n<p>Se\u00f1or, ver a los que cuidan la amistad.<\/p>\n\n\n\n<p>Se\u00f1or, ver la libertad de los hijos de Dios.<\/p>\n\n\n\n<p>Se\u00f1or, ver a los l\u00edderes humanistas.<\/p>\n\n\n\n<p>Se\u00f1or, ver a los limpios de coraz\u00f3n.<\/p>\n\n\n\n<p>Se\u00f1or, ver las llamadas a la justicia.<\/p>\n\n\n\n<p>Se\u00f1or, ver a los que sanan corazones afligidos.<\/p>\n\n\n\n<p>Se\u00f1or, ver la luz de tu presencia.<\/p>\n\n\n\n<p>Se\u00f1or, ver a los que aman la verdad.<\/p>\n\n\n\n<p>Se\u00f1or, ver a los maestros de humanismo.<\/p>\n\n\n\n<p>Se\u00f1or, ver a los mansos de palabra y obra.<\/p>\n\n\n\n<p>Se\u00f1or, ver a los que liberan su coraz\u00f3n para el bien.<\/p>\n\n\n\n<p>Se\u00f1or, ver la multitud de testigos en medio del mundo.<\/p>\n\n\n\n<p>Se\u00f1or, ver a los m\u00edsticos de ojos abiertos.<\/p>\n\n\n\n<p>Se\u00f1or, ver a los no violentos.<\/p>\n\n\n\n<p>Se\u00f1or, ver la paciencia de la fe.<\/p>\n\n\n\n<p>Se\u00f1or, ver a los pac\u00edficos.<\/p>\n\n\n\n<p>Se\u00f1or, ver la paz que tanto anhelamos.<\/p>\n\n\n\n<p>Se\u00f1or, ver el poder de tus Palabras.<\/p>\n\n\n\n<p>Se\u00f1or, ver a los que cultivan la lealtad pase lo que pase.<\/p>\n\n\n\n<p>Se\u00f1or, ver a los que se alimentan de santo silencio.<\/p>\n\n\n\n<p>Se\u00f1or, ver a los sabios llenos de humildad.<\/p>\n\n\n\n<p>Se\u00f1or, ver a los santos cotidianos.<\/p>\n\n\n\n<p>Se\u00f1or, ver a los sedientos de luz.<\/p>\n\n\n\n<p>Se\u00f1or, ver los signos del Esp\u00edritu.<\/p>\n\n\n\n<p>Se\u00f1or, ver a los testigos de la vida nueva.<\/p>\n\n\n\n<p>Se\u00f1or, ver a los voluntarios humanitaristas.<\/p>\n\n\n\n<p>Se\u00f1or, ver los que consideran que hay dos absolutos: el hambre y Dios.<\/p>\n\n\n\n<p>Se\u00f1or, ver a los que ense\u00f1an las verdades de la revelaci\u00f3n.<\/p>\n\n\n\n<p><a href=\"https:\/\/raspasdefuego.blogspot.com\/\">raspasdefuego.blogspot.com\/<\/a><\/p>\n\n\n\n<p><a href=\"https:\/\/mail.google.com\/mail\/?view=cm&amp;fs=1&amp;tf=1&amp;to=carmeloampelio@gmail.com\" target=\"_blank\" rel=\"noreferrer noopener\">carmeloampelio@gmail.com<\/a>&nbsp;<\/p>\n\n\n\n<p><\/p>\n","protected":false},"excerpt":{"rendered":"<p>VER Se\u00f1or, ver la alegr\u00eda de la fraternidad. Se\u00f1or, ver a los que caminan por la vida ligeros de equipaje. Se\u00f1or, ver a los aut\u00e9nticamente piadosos. Se\u00f1or, ver a los que proponen esperanzas razonables. Se\u00f1or, ver la biofilia de los mejores. Se\u00f1or, ver la bondad cotidiana. Se\u00f1or, ver los caminos del Reino. Se\u00f1or, ver la [&hellip;]<\/p>\n","protected":false},"author":2,"featured_media":0,"comment_status":"closed","ping_status":"closed","sticky":false,"template":"","format":"standard","meta":{"footnotes":""},"categories":[156,160,153],"tags":[],"class_list":["post-3706","post","type-post","status-publish","format-standard","hentry","category-oraciones","category-oraciones-cuaresma","category-oraciones-lecturas-domingo"],"_links":{"self":[{"href":"https:\/\/www.parroquiaclaret.org\/index.php?rest_route=\/wp\/v2\/posts\/3706","targetHints":{"allow":["GET"]}}],"collection":[{"href":"https:\/\/www.parroquiaclaret.org\/index.php?rest_route=\/wp\/v2\/posts"}],"about":[{"href":"https:\/\/www.parroquiaclaret.org\/index.php?rest_route=\/wp\/v2\/types\/post"}],"author":[{"embeddable":true,"href":"https:\/\/www.parroquiaclaret.org\/index.php?rest_route=\/wp\/v2\/users\/2"}],"replies":[{"embeddable":true,"href":"https:\/\/www.parroquiaclaret.org\/index.php?rest_route=%2Fwp%2Fv2%2Fcomments&post=3706"}],"version-history":[{"count":1,"href":"https:\/\/www.parroquiaclaret.org\/index.php?rest_route=\/wp\/v2\/posts\/3706\/revisions"}],"predecessor-version":[{"id":3707,"href":"https:\/\/www.parroquiaclaret.org\/index.php?rest_route=\/wp\/v2\/posts\/3706\/revisions\/3707"}],"wp:attachment":[{"href":"https:\/\/www.parroquiaclaret.org\/index.php?rest_route=%2Fwp%2Fv2%2Fmedia&parent=3706"}],"wp:term":[{"taxonomy":"category","embeddable":true,"href":"https:\/\/www.parroquiaclaret.org\/index.php?rest_route=%2Fwp%2Fv2%2Fcategories&post=3706"},{"taxonomy":"post_tag","embeddable":true,"href":"https:\/\/www.parroquiaclaret.org\/index.php?rest_route=%2Fwp%2Fv2%2Ftags&post=3706"}],"curies":[{"name":"wp","href":"https:\/\/api.w.org\/{rel}","templated":true}]}}