{"id":3675,"date":"2026-01-25T12:37:52","date_gmt":"2026-01-25T11:37:52","guid":{"rendered":"https:\/\/www.parroquiaclaret.org\/?p=3675"},"modified":"2026-02-22T09:58:41","modified_gmt":"2026-02-22T08:58:41","slug":"oracion-inspirada-en-las-lecturas-de-tiempo-ordinario-3-25-1-2025-ciclo-a","status":"publish","type":"post","link":"https:\/\/www.parroquiaclaret.org\/?p=3675","title":{"rendered":"ORACI\u00d3N INSPIRADA EN LAS LECTURAS DE TIEMPO ORDINARIO 3. 25.1.2025. CICLO A"},"content":{"rendered":"\n<p><strong>SEGUIRTE<\/strong><\/p>\n\n\n\n<p>Seguirte, respirando el aire del esp\u00edritu que sopla y sopla incansablemente.<\/p>\n\n\n\n<p>Seguirte, constatando el barro de la vida.<\/p>\n\n\n\n<p>Seguirte, sin saber bien hacia d\u00f3nde vamos.<\/p>\n\n\n\n<p>Seguirte, sin ver bien el camino.<\/p>\n\n\n\n<p>Seguirte, durante las buenas \u00e9pocas y en los d\u00edas nefastos.<\/p>\n\n\n\n<p>Seguirte, entre los compa\u00f1eros que nos pones en el camino.<\/p>\n\n\n\n<p>Seguirte, a trompicones, con nuestras rengueras.<\/p>\n\n\n\n<p>Seguirte, humildes y con realismo al sabernos humanos, demasiado humanos.<\/p>\n\n\n\n<p>Seguirte, iluminados constantemente con tu gracia, tu esp\u00edritu, tu vida.<\/p>\n\n\n\n<p>Seguirte, a pesar de nuestras sombras y cicatrices de la vida.<\/p>\n\n\n\n<p>Seguirte, desarmados y desarmantes.<\/p>\n\n\n\n<p>Seguirte, descubriendo los dones que habitan en nuestras capacidades m\u00e1s humanas.<\/p>\n\n\n\n<p>Seguirte, validados por el ejemplo de todos los santos que nos han transmito la fe.<\/p>\n\n\n\n<p>Seguirte, entendiendo que es la tarea de nuestra vida.<\/p>\n\n\n\n<p>Seguirte, dentro de estos tiempos tan extra\u00f1os e intimidantes.<\/p>\n\n\n\n<p>Seguirte, asombrados ante la belleza de la libertad de los hijos de Dios.<\/p>\n\n\n\n<p>Seguirte, en primera l\u00ednea, aunque no sepamos luchar.<\/p>\n\n\n\n<p>Seguirte, por tu llamada, tu seducci\u00f3n, tu confianza.<\/p>\n\n\n\n<p>Seguirte, fundados en lo mejor de ti, tu santidad.<\/p>\n\n\n\n<p>Seguirte, aceptando que los dones se convierten en tareas del cuidado de la vida, de toda vida.<\/p>\n\n\n\n<p>Seguirte, testimoniando las maravillas de la creaci\u00f3n y de la redenci\u00f3n.<\/p>\n\n\n\n<p>Seguirte, hacia lo mejor, que siempre est\u00e1 por venir.<\/p>\n\n\n\n<p>Seguirte, para conocernos mejor.<\/p>\n\n\n\n<p>Seguirte, aunque tenemos muy claro que no hay marcha atr\u00e1s.<\/p>\n\n\n\n<p>Seguirte, sabiendo que no nos enfrentamos solos a los peligros.<\/p>\n\n\n\n<p>Seguirte, comprendiendo que nos jugamos la vida.<\/p>\n\n\n\n<p>Seguirte, intuyendo que nos enriqueces sin nosotros saberlo.<\/p>\n\n\n\n<p>Seguirte, junto a nuestros miedos.<\/p>\n\n\n\n<p>Seguirte, reconociendo que nunca estamos solos: tenemos tu presencia y hermanos de camino.<\/p>\n\n\n\n<p>Seguirte, con nuestras palabras tartamudas.<\/p>\n\n\n\n<p>Seguirte, como el perrillo a su amo.<\/p>\n\n\n\n<p>Seguirte, con nuestros pies cansados.<\/p>\n\n\n\n<p>Seguirte, advertidos de que nos espera la cruz.<\/p>\n\n\n\n<p>Seguirte, convertidos en sal humilde de la tierra.<\/p>\n\n\n\n<p>Seguirte, superando las sombras de la muerte.<\/p>\n\n\n\n<p>Seguirte, bajo la sospecha de sentirnos poca cosa.<\/p>\n\n\n\n<p>Seguirte, acreditados por tu poder y tu justicia.<\/p>\n\n\n\n<p>Seguirte, enraizados en tu misericordia.<\/p>\n\n\n\n<p>Seguirte, respaldados por tus promesas de salvaci\u00f3n para todos los seres humanos.<\/p>\n\n\n\n<p>Seguirte, atravesando nieblas y amaneceres.<\/p>\n\n\n\n<p>Seguirte, en silencio y a voces desde los tejados.<\/p>\n\n\n\n<p>Seguirte, entre temores y temblores.<\/p>\n\n\n\n<p>Seguirte, aunque divaguemos.<\/p>\n\n\n\n<p>Seguirte, entre lacras y maravillas.<\/p>\n\n\n\n<p>Seguirte, frente a s\u00e1dicos cinismos.<\/p>\n\n\n\n<p>Seguirte, por lucidez.<\/p>\n\n\n\n<p>Seguirte, para ense\u00f1ar la fe con la compasi\u00f3n que nutre y esponja las almas.<\/p>\n\n\n\n<p><a href=\"https:\/\/raspasdefuego.blogspot.com\/\">raspasdefuego.blogspot.com\/<\/a><\/p>\n\n\n\n<p><a href=\"https:\/\/mail.google.com\/mail\/?view=cm&amp;fs=1&amp;tf=1&amp;to=carmeloampelio@gmail.com\" target=\"_blank\" rel=\"noreferrer noopener\">carmeloampelio@gmail.com<\/a>&nbsp;<\/p>\n\n\n\n<p><\/p>\n","protected":false},"excerpt":{"rendered":"<p>SEGUIRTE Seguirte, respirando el aire del esp\u00edritu que sopla y sopla incansablemente. Seguirte, constatando el barro de la vida. Seguirte, sin saber bien hacia d\u00f3nde vamos. Seguirte, sin ver bien el camino. Seguirte, durante las buenas \u00e9pocas y en los d\u00edas nefastos. Seguirte, entre los compa\u00f1eros que nos pones en el camino. Seguirte, a trompicones, [&hellip;]<\/p>\n","protected":false},"author":2,"featured_media":0,"comment_status":"closed","ping_status":"closed","sticky":false,"template":"","format":"standard","meta":{"footnotes":""},"categories":[156,153,157],"tags":[],"class_list":["post-3675","post","type-post","status-publish","format-standard","hentry","category-oraciones","category-oraciones-lecturas-domingo","category-oraciones-tiempo-ordinario"],"_links":{"self":[{"href":"https:\/\/www.parroquiaclaret.org\/index.php?rest_route=\/wp\/v2\/posts\/3675","targetHints":{"allow":["GET"]}}],"collection":[{"href":"https:\/\/www.parroquiaclaret.org\/index.php?rest_route=\/wp\/v2\/posts"}],"about":[{"href":"https:\/\/www.parroquiaclaret.org\/index.php?rest_route=\/wp\/v2\/types\/post"}],"author":[{"embeddable":true,"href":"https:\/\/www.parroquiaclaret.org\/index.php?rest_route=\/wp\/v2\/users\/2"}],"replies":[{"embeddable":true,"href":"https:\/\/www.parroquiaclaret.org\/index.php?rest_route=%2Fwp%2Fv2%2Fcomments&post=3675"}],"version-history":[{"count":1,"href":"https:\/\/www.parroquiaclaret.org\/index.php?rest_route=\/wp\/v2\/posts\/3675\/revisions"}],"predecessor-version":[{"id":3676,"href":"https:\/\/www.parroquiaclaret.org\/index.php?rest_route=\/wp\/v2\/posts\/3675\/revisions\/3676"}],"wp:attachment":[{"href":"https:\/\/www.parroquiaclaret.org\/index.php?rest_route=%2Fwp%2Fv2%2Fmedia&parent=3675"}],"wp:term":[{"taxonomy":"category","embeddable":true,"href":"https:\/\/www.parroquiaclaret.org\/index.php?rest_route=%2Fwp%2Fv2%2Fcategories&post=3675"},{"taxonomy":"post_tag","embeddable":true,"href":"https:\/\/www.parroquiaclaret.org\/index.php?rest_route=%2Fwp%2Fv2%2Ftags&post=3675"}],"curies":[{"name":"wp","href":"https:\/\/api.w.org\/{rel}","templated":true}]}}