{"id":3633,"date":"2025-12-06T23:28:50","date_gmt":"2025-12-06T22:28:50","guid":{"rendered":"https:\/\/www.parroquiaclaret.org\/?p=3633"},"modified":"2025-12-06T23:28:50","modified_gmt":"2025-12-06T22:28:50","slug":"oracion-inspirada-en-las-lecturas-del-domingo-7-12-2025-adviento-2-ciclo-a","status":"publish","type":"post","link":"https:\/\/www.parroquiaclaret.org\/?p=3633","title":{"rendered":"ORACI\u00d3N INSPIRADA EN LAS LECTURAS DEL DOMINGO 7.12.2025. ADVIENTO 2. CICLO A"},"content":{"rendered":"\n<p><span><strong style=\"font-weight: bold\">SE\u00d1OR, CONVI\u00c9RTENOS<\/strong><\/span><\/p>\n\n\n\n<p>Se\u00f1or, convi\u00e9rtenos\u2026<\/p>\n\n\n\n<p>Del deseo de control a dejarse llevar por el amor que da coherencia a todo.<\/p>\n\n\n\n<p>De la inquietud del coraz\u00f3n a la calma acogedora de la cena familiar.<\/p>\n\n\n\n<p>De la soberbia sin fundamento a la humildad de saberse acompa\u00f1ado por Ti.<\/p>\n\n\n\n<p>De la perplejidad a la comprensi\u00f3n de que todo acabar\u00e1 bien.<\/p>\n\n\n\n<p>Del desencuentro a la reconciliaci\u00f3n con lo mejor de la humanidad.<\/p>\n\n\n\n<p>Del desasosiego a la paz en tu coraz\u00f3n.<\/p>\n\n\n\n<p>De la desaz\u00f3n a la fe que orienta y salva.<\/p>\n\n\n\n<p>Del deslumbramiento a la serenidad confiada de tu presencia.<\/p>\n\n\n\n<p>Del estupor a la maravilla de tu reino.<\/p>\n\n\n\n<p>De la extra\u00f1eza de existir a la nueva inocencia.<\/p>\n\n\n\n<p>Del fr\u00edo de las ruinas de la cultura en la que vivimos a la ciudad de Dios y de los hombres que nos regalas.<\/p>\n\n\n\n<p>Del miedo a la serenidad confiada de tu presencia.<\/p>\n\n\n\n<p>De la palabrer\u00eda al silencio santo.<\/p>\n\n\n\n<p>Del pasmo a la sonrisa agradecida ante el regalo de tu misericordia.<\/p>\n\n\n\n<p>Del ruido al silenciamiento que te revela.<\/p>\n\n\n\n<p>Del v\u00e9rtigo a la confianza en tu salvaci\u00f3n.<\/p>\n\n\n\n<p>De sentirnos poca cosa a sabernos amados sin medida.<\/p>\n\n\n\n<p>Del desconcierto al camino que nos lleva a ti.<\/p>\n\n\n\n<p>Del aturdimiento a la lucidez de tu gracia.<\/p>\n\n\n\n<p>De la desubicaci\u00f3n existencial a enraizarnos en tu santidad poderosa.<\/p>\n\n\n\n<p>De la ceguera a la comprensi\u00f3n de coraz\u00f3n.<\/p>\n\n\n\n<p>De la avidez a la austeridad.<\/p>\n\n\n\n<p>De la complicaci\u00f3n a la sencillez.<\/p>\n\n\n\n<p>De las distracciones en paparruchas a centrarnos en lo esencial.<\/p>\n\n\n\n<p>Se\u00f1or, convi\u00e9rtenos en comuni\u00f3n,<\/p>\n\n\n\n<p>convi\u00e9rtenos en paz,<\/p>\n\n\n\n<p>convi\u00e9rtenos en sacramentos de santidad y justicia.<\/p>\n\n\n\n<p>Se\u00f1or, convi\u00e9rtenos a ti,<\/p>\n\n\n\n<p>convi\u00e9rtenos contigo,<\/p>\n\n\n\n<p>convi\u00e9rtenos para ti.<\/p>\n\n\n\n<figure class=\"wp-block-embed\"><div class=\"wp-block-embed__wrapper\">\nhttps:\/\/raspasdefuego.blogspot.com\n<\/div><\/figure>\n\n\n\n<p><a href=\"https:\/\/raspasdefuego.blogspot.com\/\">raspasdefuego.blogspot.com\/<\/a><\/p>\n\n\n\n<p><a href=\"https:\/\/mail.google.com\/mail\/?view=cm&amp;fs=1&amp;tf=1&amp;to=carmeloampelio@gmail.com\" target=\"_blank\" rel=\"noreferrer noopener\">carmeloampelio@gmail.com<\/a>&nbsp;<\/p>\n\n\n\n<p><\/p>\n","protected":false},"excerpt":{"rendered":"<p>SE\u00d1OR, CONVI\u00c9RTENOS Se\u00f1or, convi\u00e9rtenos\u2026 Del deseo de control a dejarse llevar por el amor que da coherencia a todo. De la inquietud del coraz\u00f3n a la calma acogedora de la cena familiar. De la soberbia sin fundamento a la humildad de saberse acompa\u00f1ado por Ti. De la perplejidad a la comprensi\u00f3n de que todo acabar\u00e1 [&hellip;]<\/p>\n","protected":false},"author":2,"featured_media":0,"comment_status":"closed","ping_status":"closed","sticky":false,"template":"","format":"standard","meta":{"footnotes":""},"categories":[156,158,153],"tags":[],"class_list":["post-3633","post","type-post","status-publish","format-standard","hentry","category-oraciones","category-oraciones-adviento","category-oraciones-lecturas-domingo"],"_links":{"self":[{"href":"https:\/\/www.parroquiaclaret.org\/index.php?rest_route=\/wp\/v2\/posts\/3633","targetHints":{"allow":["GET"]}}],"collection":[{"href":"https:\/\/www.parroquiaclaret.org\/index.php?rest_route=\/wp\/v2\/posts"}],"about":[{"href":"https:\/\/www.parroquiaclaret.org\/index.php?rest_route=\/wp\/v2\/types\/post"}],"author":[{"embeddable":true,"href":"https:\/\/www.parroquiaclaret.org\/index.php?rest_route=\/wp\/v2\/users\/2"}],"replies":[{"embeddable":true,"href":"https:\/\/www.parroquiaclaret.org\/index.php?rest_route=%2Fwp%2Fv2%2Fcomments&post=3633"}],"version-history":[{"count":1,"href":"https:\/\/www.parroquiaclaret.org\/index.php?rest_route=\/wp\/v2\/posts\/3633\/revisions"}],"predecessor-version":[{"id":3634,"href":"https:\/\/www.parroquiaclaret.org\/index.php?rest_route=\/wp\/v2\/posts\/3633\/revisions\/3634"}],"wp:attachment":[{"href":"https:\/\/www.parroquiaclaret.org\/index.php?rest_route=%2Fwp%2Fv2%2Fmedia&parent=3633"}],"wp:term":[{"taxonomy":"category","embeddable":true,"href":"https:\/\/www.parroquiaclaret.org\/index.php?rest_route=%2Fwp%2Fv2%2Fcategories&post=3633"},{"taxonomy":"post_tag","embeddable":true,"href":"https:\/\/www.parroquiaclaret.org\/index.php?rest_route=%2Fwp%2Fv2%2Ftags&post=3633"}],"curies":[{"name":"wp","href":"https:\/\/api.w.org\/{rel}","templated":true}]}}