{"id":3610,"date":"2025-11-01T12:46:05","date_gmt":"2025-11-01T11:46:05","guid":{"rendered":"https:\/\/www.parroquiaclaret.org\/?p=3610"},"modified":"2025-11-01T12:46:05","modified_gmt":"2025-11-01T11:46:05","slug":"oracion-inspirada-en-las-lecturas-del-domingo-02-11-2025-tiempo-ordinario-31-ciclo-c","status":"publish","type":"post","link":"https:\/\/www.parroquiaclaret.org\/?p=3610","title":{"rendered":"ORACI\u00d3N INSPIRADA EN LAS LECTURAS DEL DOMINGO 02.11.2025. TIEMPO ORDINARIO 31. CICLO C"},"content":{"rendered":"\n<p><strong><u>SOMOS UNO.<\/u><\/strong><\/p>\n\n\n\n<p>Un amor, que irradia sin l\u00edmite, desde ti, Se\u00f1or.<\/p>\n\n\n\n<p>Un camino, con miles y miles de senderos, que tiende hacia ti, Se\u00f1or.<\/p>\n\n\n\n<p>Un consuelo, a veces pudiera parecer muy lejano, de tu coraz\u00f3n, Se\u00f1or.<\/p>\n\n\n\n<p>Un coraz\u00f3n, en p\u00e1lpito humano, muy humano, resonante contigo, Se\u00f1or.<\/p>\n\n\n\n<p>Un encuentro, a trav\u00e9s de infinitos s\u00edmbolos, contigo, Se\u00f1or.<\/p>\n\n\n\n<p>Un impulso, inmenso, impelente hacia ti, Se\u00f1or.<\/p>\n\n\n\n<p>Un misterio, en tu presencia, Se\u00f1or.<\/p>\n\n\n\n<p>Un mundo, intenso, contradictorio, humano, enraizado en ti, Se\u00f1or.<\/p>\n\n\n\n<p>Un peregrinar, de todos los humanos en su infinita variedad de culturas, en tu horizonte, Se\u00f1or.<\/p>\n\n\n\n<p>Un reino, una energ\u00eda, una comuni\u00f3n, contigo, Se\u00f1or.<\/p>\n\n\n\n<p>Un reposo, siempre tan emp\u00e1tico y tan a mano, T\u00fa, Se\u00f1or.<\/p>\n\n\n\n<p>Un rumbo, siempre cierto, siempre intuido entre nieblas, tu nombre, Se\u00f1or.<\/p>\n\n\n\n<p>Un sentido, una certeza, un fulgor, all\u00e1, en lo inefable tan real donde habitas, Se\u00f1or.<\/p>\n\n\n\n<p>Un significado, una respuesta, una propuesta, potente y reconfortante, por tu testimonio, Se\u00f1or.<\/p>\n\n\n\n<p>Un silencio habitado, una comuni\u00f3n m\u00edstica a la que todos estamos llamados, en tu santidad, Se\u00f1or.<\/p>\n\n\n\n<p>Un tr\u00e1nsito inevitable donde nos reconocemos gracias a tu mirada, Se\u00f1or.<\/p>\n\n\n\n<p>Un viaje tan ambiguo, tan sufriente, tan injusto, que tu sanas, santamente, Se\u00f1or.<\/p>\n\n\n\n<p>Una apertura a lo que nos transforma, a lo que nos plenifica, a lo que nos mejora, por ti, en ti, contigo, Se\u00f1or.<\/p>\n\n\n\n<p>Una comprensi\u00f3n profunda que nos cuenta entender con nuestras solas fuerzas, Se\u00f1or.<\/p>\n\n\n\n<p>Una comuni\u00f3n universal, junto a ti, Se\u00f1or.<\/p>\n\n\n\n<p>Una diversidad inmensamente rica, inmensamente variada, inmensamente humana, en tu b\u00fasqueda, Se\u00f1or.<\/p>\n\n\n\n<p>Una energ\u00eda que nos fundamenta, nos vertebra, nos impele en tu poder, Se\u00f1or.<\/p>\n\n\n\n<p>Una esperanza \u00faltima en que llevar\u00e1s raz\u00f3n, Se\u00f1or.<\/p>\n\n\n\n<p>Una espiritualidad alimentada con tantas intuiciones de los ecos de santidad tuya, Se\u00f1or.<\/p>\n\n\n\n<p>Una existencia breve, tensa, complicada pero pre\u00f1ada de una intuici\u00f3n que atraviesa los siglos, tu mirada de misericordia, Se\u00f1or.<\/p>\n\n\n\n<p>Una exploraci\u00f3n en los enigmas, en los lenguajes, en los s\u00edmbolos que nos acercan a trav\u00e9s de todas las culturas a ti, Se\u00f1or.<\/p>\n\n\n\n<p>Una fascinaci\u00f3n, misteriosa e inevitable, llena de destellos, hacia ti, Se\u00f1or.<\/p>\n\n\n\n<p>Una fe, dicha en tantas y tantas lenguas, en tantas y tantas devociones, en tantos y tantos lugares y ritos sagrados, Se\u00f1or.<\/p>\n\n\n\n<p>Una fuente, maravillosa, nutriente, insondable, tu santidad, Se\u00f1or.<\/p>\n\n\n\n<p>Una historia tantas veces demasiado humana, demasiado cruel, demasiado injusta, a la que t\u00fa mirar\u00e1s con ese poder salvador, Se\u00f1or.<\/p>\n\n\n\n<p>Una historia universal, implicada en ti, Se\u00f1or.<\/p>\n\n\n\n<p>Una humanidad infinitamente diversa y rica, ante ti, Se\u00f1or.<\/p>\n\n\n\n<p>Una palabra inicial, que acompa\u00f1a, que plenificar\u00e1, tu palabra, Se\u00f1or.<\/p>\n\n\n\n<p>Una paz asombrosa, eterna, inconcebible para el entendimiento humano, tu paz, Se\u00f1or.<\/p>\n\n\n\n<p>Una pertenencia al g\u00e9nero humano, que t\u00fa lideras, acompa\u00f1as y santificas, Se\u00f1or.<\/p>\n\n\n\n<p>Una respiraci\u00f3n c\u00f3smica en la que conspiramos con las energ\u00edas de tu aliento vital, Se\u00f1or.<\/p>\n\n\n\n<p>Una revelaci\u00f3n, un fulgor, una luz, la de tui existencia, Se\u00f1or.<\/p>\n\n\n\n<p>Una sed inmensa de ti, Se\u00f1or.<\/p>\n\n\n\n<p>Una sensibilidad inagotable tan capaz de intuir tu fascinante misterio, Se\u00f1or.<\/p>\n\n\n\n<p>Una soledad en medio de las soledades de los que nos rodean, una soledad que t\u00fa sanar\u00e1s, Se\u00f1or.<\/p>\n\n\n\n<p>Una verdad, una belleza, un bien constantes, permanentes, inagotables. T\u00fa, Se\u00f1or. T\u00fa con nosotros, la humanidad.&nbsp;<\/p>\n\n\n\n<p>Una humanidad que es una, por ti, en ti, para ti, Se\u00f1or.<\/p>\n\n\n\n<p><a href=\"https:\/\/raspasdefuego.blogspot.com\/\">raspasdefuego.blogspot.com\/<\/a><\/p>\n\n\n\n<p><a href=\"https:\/\/mail.google.com\/mail\/?view=cm&amp;fs=1&amp;tf=1&amp;to=carmeloampelio@gmail.com\" target=\"_blank\" rel=\"noreferrer noopener\">carmeloampelio@gmail.com<\/a>&nbsp;<\/p>\n\n\n\n<p><\/p>\n","protected":false},"excerpt":{"rendered":"<p>SOMOS UNO. Un amor, que irradia sin l\u00edmite, desde ti, Se\u00f1or. Un camino, con miles y miles de senderos, que tiende hacia ti, Se\u00f1or. Un consuelo, a veces pudiera parecer muy lejano, de tu coraz\u00f3n, Se\u00f1or. Un coraz\u00f3n, en p\u00e1lpito humano, muy humano, resonante contigo, Se\u00f1or. Un encuentro, a trav\u00e9s de infinitos s\u00edmbolos, contigo, Se\u00f1or. [&hellip;]<\/p>\n","protected":false},"author":2,"featured_media":0,"comment_status":"closed","ping_status":"closed","sticky":false,"template":"","format":"standard","meta":{"footnotes":""},"categories":[156,153,157],"tags":[],"class_list":["post-3610","post","type-post","status-publish","format-standard","hentry","category-oraciones","category-oraciones-lecturas-domingo","category-oraciones-tiempo-ordinario"],"_links":{"self":[{"href":"https:\/\/www.parroquiaclaret.org\/index.php?rest_route=\/wp\/v2\/posts\/3610","targetHints":{"allow":["GET"]}}],"collection":[{"href":"https:\/\/www.parroquiaclaret.org\/index.php?rest_route=\/wp\/v2\/posts"}],"about":[{"href":"https:\/\/www.parroquiaclaret.org\/index.php?rest_route=\/wp\/v2\/types\/post"}],"author":[{"embeddable":true,"href":"https:\/\/www.parroquiaclaret.org\/index.php?rest_route=\/wp\/v2\/users\/2"}],"replies":[{"embeddable":true,"href":"https:\/\/www.parroquiaclaret.org\/index.php?rest_route=%2Fwp%2Fv2%2Fcomments&post=3610"}],"version-history":[{"count":1,"href":"https:\/\/www.parroquiaclaret.org\/index.php?rest_route=\/wp\/v2\/posts\/3610\/revisions"}],"predecessor-version":[{"id":3611,"href":"https:\/\/www.parroquiaclaret.org\/index.php?rest_route=\/wp\/v2\/posts\/3610\/revisions\/3611"}],"wp:attachment":[{"href":"https:\/\/www.parroquiaclaret.org\/index.php?rest_route=%2Fwp%2Fv2%2Fmedia&parent=3610"}],"wp:term":[{"taxonomy":"category","embeddable":true,"href":"https:\/\/www.parroquiaclaret.org\/index.php?rest_route=%2Fwp%2Fv2%2Fcategories&post=3610"},{"taxonomy":"post_tag","embeddable":true,"href":"https:\/\/www.parroquiaclaret.org\/index.php?rest_route=%2Fwp%2Fv2%2Ftags&post=3610"}],"curies":[{"name":"wp","href":"https:\/\/api.w.org\/{rel}","templated":true}]}}