{"id":3558,"date":"2025-08-31T10:36:24","date_gmt":"2025-08-31T08:36:24","guid":{"rendered":"https:\/\/www.parroquiaclaret.org\/?p=3558"},"modified":"2025-08-31T10:36:24","modified_gmt":"2025-08-31T08:36:24","slug":"oracion-inspirada-en-las-lecturas-del-domingo-31-08-2025-tiempo-ordinario-22-ciclo-c","status":"publish","type":"post","link":"https:\/\/www.parroquiaclaret.org\/?p=3558","title":{"rendered":"ORACI\u00d3N INSPIRADA EN LAS LECTURAS DEL DOMINGO 31.08.2025. TIEMPO ORDINARIO 22. CICLO C"},"content":{"rendered":"\n<p><strong><u>HUMILDAD<\/u><\/strong><\/p>\n\n\n\n<p>Humildad<\/p>\n\n\n\n<p>Se\u00f1or, nos cuesta la humildad.<\/p>\n\n\n\n<p>Nos creemos mejores que esos que no van al templo.<\/p>\n\n\n\n<p>Al\u00e9janos de la soberbia, T\u00fa, el Cordero de Dios.<\/p>\n\n\n\n<p>Se\u00f1or, no somos muy buenos en afabilidad.<\/p>\n\n\n\n<p>Nos tomamos tu (nuestra) exigencia muy en serio.<\/p>\n\n\n\n<p>Al\u00e9janos de la dureza de coraz\u00f3n, T\u00fa, la ternura de Dios.<\/p>\n\n\n\n<p>Se\u00f1or, no entendemos muy bien eso del altruismo.<\/p>\n\n\n\n<p>No aparece ni en la liturgia ni en el Catecismo.<\/p>\n\n\n\n<p>Ni en el compendio de la Doctrina social de la Iglesia.<\/p>\n\n\n\n<p>Al\u00e9janos de los doctrinarismos, T\u00fa, el gesto de amor fascinante de Dios.<\/p>\n\n\n\n<p>Se\u00f1or, tantas y tantas veces nos da miedo la pobreza.<\/p>\n\n\n\n<p>Nos es muy dif\u00edcil la cercan\u00eda a esas realidades.<\/p>\n\n\n\n<p>Al\u00e9janos del rechazo a la pobreza, T\u00fa, el siervo de los tirados en los barrancos de la vida.<\/p>\n\n\n\n<p>Se\u00f1or, no alcanzamos a relacionarnos sin desinter\u00e9s.<\/p>\n\n\n\n<p>Los peque\u00f1os ego\u00edsmos de nuestros peque\u00f1os egos nos vencen.<\/p>\n\n\n\n<p>Al\u00e9janos de las peque\u00f1as mezquindades tan demasiado humanas, T\u00fa, la santidad m\u00e1s humana.<\/p>\n\n\n\n<p>Se\u00f1or, lo gratuito nos resulta muy dif\u00edcil.<\/p>\n\n\n\n<p>Reflejamos demasiado los valores dinerocentristas de nuestra cultura.<\/p>\n\n\n\n<p>Al\u00e9janos del narcisismo rampante que nos intoxica, T\u00fa, la verdad de la comuni\u00f3n de toda la realidad.<\/p>\n\n\n\n<p>Se\u00f1or, no sabemos ser mansos y humildes de palabra y de coraz\u00f3n.<\/p>\n\n\n\n<p>La lucha por salirnos con la nuestra muchas veces nos vence y nos arrastra.<\/p>\n\n\n\n<p>Al\u00e9janos de la pulsi\u00f3n de predominar, T\u00fa, la mansedumbre santa y justa.<\/p>\n\n\n\n<p>Se\u00f1or, la pobreza de esp\u00edritu.<\/p>\n\n\n\n<p>Se\u00f1or, la sencillez.<\/p>\n\n\n\n<p>Se\u00f1or, la simplicidad.<\/p>\n\n\n\n<p>Se\u00f1or, haznos ver y comprender que<\/p>\n\n\n\n<p>la pobreza de esp\u00edritu,<\/p>\n\n\n\n<p>la sencillez,<\/p>\n\n\n\n<p>la simplicidad son fuente de riqueza,<\/p>\n\n\n\n<p>de esa riqueza santa y fascinante<\/p>\n\n\n\n<p>que nunca se acaba,<\/p>\n\n\n\n<p>como tu presencia<\/p>\n\n\n\n<p>compasiva y misericordiosa.<\/p>\n\n\n\n<p><\/p>\n\n\n\n<p><a href=\"https:\/\/raspasdefuego.blogspot.com\/\">raspasdefuego.blogspot.com\/<\/a><\/p>\n\n\n\n<p><a href=\"https:\/\/mail.google.com\/mail\/?view=cm&amp;fs=1&amp;tf=1&amp;to=carmeloampelio@gmail.com\" target=\"_blank\" rel=\"noreferrer noopener\">carmeloampelio@gmail.com<\/a>&nbsp;<\/p>\n\n\n\n<p><\/p>\n","protected":false},"excerpt":{"rendered":"<p>HUMILDAD Humildad Se\u00f1or, nos cuesta la humildad. Nos creemos mejores que esos que no van al templo. Al\u00e9janos de la soberbia, T\u00fa, el Cordero de Dios. Se\u00f1or, no somos muy buenos en afabilidad. Nos tomamos tu (nuestra) exigencia muy en serio. Al\u00e9janos de la dureza de coraz\u00f3n, T\u00fa, la ternura de Dios. Se\u00f1or, no entendemos [&hellip;]<\/p>\n","protected":false},"author":2,"featured_media":0,"comment_status":"closed","ping_status":"closed","sticky":false,"template":"","format":"standard","meta":{"footnotes":""},"categories":[156,153,157],"tags":[],"class_list":["post-3558","post","type-post","status-publish","format-standard","hentry","category-oraciones","category-oraciones-lecturas-domingo","category-oraciones-tiempo-ordinario"],"_links":{"self":[{"href":"https:\/\/www.parroquiaclaret.org\/index.php?rest_route=\/wp\/v2\/posts\/3558","targetHints":{"allow":["GET"]}}],"collection":[{"href":"https:\/\/www.parroquiaclaret.org\/index.php?rest_route=\/wp\/v2\/posts"}],"about":[{"href":"https:\/\/www.parroquiaclaret.org\/index.php?rest_route=\/wp\/v2\/types\/post"}],"author":[{"embeddable":true,"href":"https:\/\/www.parroquiaclaret.org\/index.php?rest_route=\/wp\/v2\/users\/2"}],"replies":[{"embeddable":true,"href":"https:\/\/www.parroquiaclaret.org\/index.php?rest_route=%2Fwp%2Fv2%2Fcomments&post=3558"}],"version-history":[{"count":1,"href":"https:\/\/www.parroquiaclaret.org\/index.php?rest_route=\/wp\/v2\/posts\/3558\/revisions"}],"predecessor-version":[{"id":3559,"href":"https:\/\/www.parroquiaclaret.org\/index.php?rest_route=\/wp\/v2\/posts\/3558\/revisions\/3559"}],"wp:attachment":[{"href":"https:\/\/www.parroquiaclaret.org\/index.php?rest_route=%2Fwp%2Fv2%2Fmedia&parent=3558"}],"wp:term":[{"taxonomy":"category","embeddable":true,"href":"https:\/\/www.parroquiaclaret.org\/index.php?rest_route=%2Fwp%2Fv2%2Fcategories&post=3558"},{"taxonomy":"post_tag","embeddable":true,"href":"https:\/\/www.parroquiaclaret.org\/index.php?rest_route=%2Fwp%2Fv2%2Ftags&post=3558"}],"curies":[{"name":"wp","href":"https:\/\/api.w.org\/{rel}","templated":true}]}}