{"id":3450,"date":"2025-05-07T18:14:59","date_gmt":"2025-05-07T16:14:59","guid":{"rendered":"https:\/\/www.parroquiaclaret.org\/?p=3450"},"modified":"2025-05-12T18:17:38","modified_gmt":"2025-05-12T16:17:38","slug":"oracion-inspirada-en-las-lecturas-del-domingo-11-05-2025-domingo-4-de-pascua-ciclo-c","status":"publish","type":"post","link":"https:\/\/www.parroquiaclaret.org\/?p=3450","title":{"rendered":"ORACI\u00d3N INSPIRADA EN LAS LECTURAS DEL DOMINGO 11.05.2025. DOMINGO 4 DE PASCUA. CICLO C"},"content":{"rendered":"\n<p><strong><u>ESP\u00cdRITU DIVINO<\/u><\/strong><\/p>\n\n\n\n<p>Esp\u00edritu Divino, m\u00e1s interior en nosotros que lo m\u00e1s \u00edntimo de nuestro ser.<br>Esp\u00edritu Divino, tan inaccesible e incomprensible con nuestras fuerzas.<br>Esp\u00edritu Divino, tan accesible y tan comprensible con la mirada de fe, de esperanza y de caridad.<br>Esp\u00edritu Divino, que nos vivificas momento a momento con la santidad .<br>Esp\u00edritu Divino, que nos gu\u00edas como un padre y una madre sabios y bondadosos.<br>Esp\u00edritu Divino, que nos ofreces constantemente la sabidur\u00eda de la misericordia.<br>Esp\u00edritu Divino, que nos alimentas d\u00eda a d\u00eda con la fortaleza de la fe.<br>Esp\u00edritu Divino, que nos cuidas sin descanso con la energ\u00eda de la esperanza.<br>Esp\u00edritu Divino, que vives en nosotros inquietando nuestro coraz\u00f3n hasta que descansemos en paz.<br>Esp\u00edritu Divino, que nos permites vivir la experiencia de la presencia de Cristo en la realidad que vivimos.<br>Esp\u00edritu Divino, que nos fecundas para que el evangelio sea letra viva en nuestros pensamientos, palabras y obras.<br>Esp\u00edritu Divino, que nos iluminas siempre, siempre, siempre.<br>Esp\u00edritu Divino, que haces que la Iglesia sea sacramento universal de v ida nueva.<br>Esp\u00edritu Divino, que santificas la autoridad convirti\u00e9ndola en servicio.<br>Esp\u00edritu Divino, que haces fructificar asombrosamente las semillas del reino.<br>Esp\u00edritu Divino, que transfiguras los lutos de las maldiciones de la vida en danzas de libertad y alegr\u00eda.<br>Esp\u00edritu Divino, que habitas en el coraz\u00f3n de todos los seres humanos.<br>Esp\u00edritu Divino, que enciendes los corazones de los que caminan con hambre y sed de amor.<br>Esp\u00edritu Divino, que nos llamas a la vida espiritual sea cual sea nuestra dedicaci\u00f3n en la vida.<br>Esp\u00edritu Divino, que eres capaz de iluminar los m\u00e1s oscuros recovecos de la biograf\u00eda de las personas.<br>Esp\u00edritu Divino, que nos circundas, nos enra\u00edzas y nos elevas para ser hijos de Dios.<br>Esp\u00edritu Divino, que consigues que cada ser humano sea templo viviente de la divinidad.<br>Esp\u00edritu Divino, que nos revistes de humanidad fraterna y solidaria.<br>Esp\u00edritu Divino, que nos das la paz, tu paz, la santa paz.<br>Esp\u00edritu Divino, aliento de los alientos en el cuidado de la vida.<br>Esp\u00edritu Divino, significado de los significados de las mejores b\u00fasquedas de la verdad, el bien y la belleza.<br>Esp\u00edritu Divino, energ\u00eda que dinamizas los dinamismos de dinamismos de la realidad c\u00f3smica.<br>Esp\u00edritu Divino, inteligencia de las inteligencias de los mejores de la humanidad.<br>Esp\u00edritu Divino, armon\u00eda de las armon\u00edas en el misterio de la densidad e intensidad de lo real.<br>Esp\u00edritu Divino, comuni\u00f3n de las comuniones de los santos de todas las \u00e9pocas y religiones.<br>Esp\u00edritu Divino, espl\u00e9ndido en todos los dones con los que nos encargas la tarea de santificar el mundo.<br>Esp\u00edritu Divino, fuente del mayor consuelo.<br>Esp\u00edritu Divino, abrazo de la divinidad que transfigura inalterablemente nuestra humanidad.<br>Esp\u00edritu Divino, al\u00fambranos.<br>Esp\u00edritu Divino, \u00e1brenos el coraz\u00f3n.<br>Esp\u00edritu Divino, desci\u00e9ganos de nuestro ego.<br>Esp\u00edritu Divino, imp\u00e9lenos.<br>Esp\u00edritu Divino, encam\u00ednanos.<br>Esp\u00edritu Divino, ori\u00e9ntanos.<br>Esp\u00edritu Divino, ed\u00facanos.<br>Esp\u00edritu Divino, acons\u00e9janos.<br>Esp\u00edritu Divino, pastor\u00e9anos.<br>Esp\u00edritu Divino, \u00e1brenos caminos.<br>Esp\u00edritu Divino, haznos valientes.<br>Esp\u00edritu Divino, human\u00edzanos.<br>Esp\u00edritu Divino, mej\u00f3ranos.<br>Esp\u00edritu Divino, santifica a toda la humanidad.<br>Esp\u00edritu Divino, santifica a toda la Iglesia, a todas las iglesias, a todos los cristianos.<br>Esp\u00edritu Divino, santifica a todos los obispos, a todos los cardenales.<br>Esp\u00edritu Divino, santifica especialmente al nuevo Papa Le\u00f3n XIV.<\/p>\n\n\n\n<p><\/p>\n\n\n\n<p><a href=\"https:\/\/mail.google.com\/mail\/?view=cm&amp;fs=1&amp;tf=1&amp;to=carmeloampelio@gmail.com\" target=\"_blank\" rel=\"noreferrer noopener\">carmeloampelio@gmail.com<\/a>&nbsp;<\/p>\n\n\n\n<p><a href=\"https:\/\/raspasdefuego.blogspot.com\/\">raspasdefuego.blogspot.com\/<\/a><\/p>\n","protected":false},"excerpt":{"rendered":"<p>ESP\u00cdRITU DIVINO Esp\u00edritu Divino, m\u00e1s interior en nosotros que lo m\u00e1s \u00edntimo de nuestro ser.Esp\u00edritu Divino, tan inaccesible e incomprensible con nuestras fuerzas.Esp\u00edritu Divino, tan accesible y tan comprensible con la mirada de fe, de esperanza y de caridad.Esp\u00edritu Divino, que nos vivificas momento a momento con la santidad .Esp\u00edritu Divino, que nos gu\u00edas como [&hellip;]<\/p>\n","protected":false},"author":2,"featured_media":0,"comment_status":"closed","ping_status":"closed","sticky":false,"template":"","format":"standard","meta":{"footnotes":""},"categories":[156,153,155],"tags":[],"class_list":["post-3450","post","type-post","status-publish","format-standard","hentry","category-oraciones","category-oraciones-lecturas-domingo","category-oraciones-tiempo-pascual"],"_links":{"self":[{"href":"https:\/\/www.parroquiaclaret.org\/index.php?rest_route=\/wp\/v2\/posts\/3450","targetHints":{"allow":["GET"]}}],"collection":[{"href":"https:\/\/www.parroquiaclaret.org\/index.php?rest_route=\/wp\/v2\/posts"}],"about":[{"href":"https:\/\/www.parroquiaclaret.org\/index.php?rest_route=\/wp\/v2\/types\/post"}],"author":[{"embeddable":true,"href":"https:\/\/www.parroquiaclaret.org\/index.php?rest_route=\/wp\/v2\/users\/2"}],"replies":[{"embeddable":true,"href":"https:\/\/www.parroquiaclaret.org\/index.php?rest_route=%2Fwp%2Fv2%2Fcomments&post=3450"}],"version-history":[{"count":1,"href":"https:\/\/www.parroquiaclaret.org\/index.php?rest_route=\/wp\/v2\/posts\/3450\/revisions"}],"predecessor-version":[{"id":3451,"href":"https:\/\/www.parroquiaclaret.org\/index.php?rest_route=\/wp\/v2\/posts\/3450\/revisions\/3451"}],"wp:attachment":[{"href":"https:\/\/www.parroquiaclaret.org\/index.php?rest_route=%2Fwp%2Fv2%2Fmedia&parent=3450"}],"wp:term":[{"taxonomy":"category","embeddable":true,"href":"https:\/\/www.parroquiaclaret.org\/index.php?rest_route=%2Fwp%2Fv2%2Fcategories&post=3450"},{"taxonomy":"post_tag","embeddable":true,"href":"https:\/\/www.parroquiaclaret.org\/index.php?rest_route=%2Fwp%2Fv2%2Ftags&post=3450"}],"curies":[{"name":"wp","href":"https:\/\/api.w.org\/{rel}","templated":true}]}}