{"id":3403,"date":"2025-02-27T12:43:38","date_gmt":"2025-02-27T11:43:38","guid":{"rendered":"https:\/\/www.parroquiaclaret.org\/?p=3403"},"modified":"2025-02-27T12:43:38","modified_gmt":"2025-02-27T11:43:38","slug":"oracion-inspirada-en-las-lecturas-del-domingo-02-03-2025-tiempo-ordinario-8-ciclo-c","status":"publish","type":"post","link":"https:\/\/www.parroquiaclaret.org\/?p=3403","title":{"rendered":"ORACI\u00d3N INSPIRADA EN LAS LECTURAS DEL DOMINGO 02.03.2025. TIEMPO ORDINARIO 8. CICLO C"},"content":{"rendered":"\n<p><strong>LUZ DE LUZ<\/strong><\/p>\n\n\n\n<p><\/p>\n\n\n\n<p>Jes\u00fas, maestro de las mejores palabras para la vida de los hombres.<br>Palabras que nos llegan a lo hondo,<br>palabras que nos mejoran,<br>palabras que nos aligeran de las asperezas de la vida.<\/p>\n\n\n\n<p>Jes\u00fas, maestro de la verdad del coraz\u00f3n del ser humano.<br>\u00c1brenos los o\u00eddos de la conciencia,<br>\u00e1brenos los ojos de la misericordia,<br>\u00e1brenos los ojos la voluntad de verdad y de bien.<\/p>\n\n\n\n<p>Jes\u00fas, maestro de las palabras que crean fraternidad.<br>Palabras que nos arrastran a dar lo mejor de nosotros a los dem\u00e1s,<br>palabras que nos alimentan con lo que de verdad importa en la vida,<br>palabras que nos orientan en estos tiempos convulsos que nos toca vivir.<\/p>\n\n\n\n<p>Jes\u00fas, maestro de la comuni\u00f3n.<br>Imp\u00falsanos a descentrarnos de nuestro ego violento,<br>imp\u00falsanos a arriesgarnos a la aventura de cuidar la vida en serio,<br>imp\u00falsanos a ser personas para que la santidad y justicia en este mundo tan maltratado.<\/p>\n\n\n\n<p>Jes\u00fas, maestro de las palabras que hacen crecer.<br>Palabras que nos renuevan una y otra vez a lo largo de nuestras medianas biograf\u00edas,<br>palabras que nos hacen tocar la tierra de los hombres con hambre y sed de justicia,<br>palabras que nos dan el horizonte de plenitud al que aspira todo ser humano.<\/p>\n\n\n\n<p>Jes\u00fas, maestro de la esperanza.<br>Que miremos como t\u00fa mirabas a los seres humanos que nos encontremos en la vida.<br>Que hablemos del Reino como t\u00fa hablabas a los seres humanos maltratados por la vida.<br>Que actuemos a favor de la vida como t\u00fa hac\u00edas con los hombres dolientes que te encontrabas por los caminos de tu vida.<\/p>\n\n\n\n<p>Jes\u00fas, maestro de las palabras que sanan.<br>Palabras que inspiran a amar sin medida,<br>palabras que nos llegan en el momento y la forma adecuadas,<br>palabras que nos regeneran y nos lanzan mucho m\u00e1s all\u00e1 de lo que jam\u00e1s hubi\u00e9ramos imaginado.<\/p>\n\n\n\n<p>Jes\u00fas, maestro del amor.<br>Un amor sin fronteras de ninguna clase,<br>un amor sin etiquetas que excluyen,<br>un amor sobre todo amor imaginable.<\/p>\n\n\n\n<p>Jes\u00fas, maestro de las palabra que cuidan a las personas.<br>Palabras a la medida de las necesidades m\u00e1s reales de cada uno,<br>palabras oportunas que nos llegan en los momentos que realmente podemos entenderlas,<br>palabras que nos cambian la vida cuando de verdad estamos preparados para la vida nueva.<\/p>\n\n\n\n<p>Jes\u00fas, maestro del cuidado.<br>Maestro del respeto que nos reconstituye,<br>maestro del aprecio que nos alegra definitivamente la vida,<br>maestro de la delicadeza frente a nuestras heridas tan humanas, tan demasiado humanas.<\/p>\n\n\n\n<p>Jes\u00fas, maestro de las palabras de vida eterna.<br>Palabras que resuenan maravillosamente en nuestro dolorido interior,<br>palabras que nos nombran como nadie nunca jam\u00e1s nos ha nombrado jam\u00e1s,<br>palabras que nos llaman por nuestro nombre para peregrinar hacia la vida eterna.<\/p>\n\n\n\n<p>Jes\u00fas, maestro de las palabras definitivas que escuchamos en el silencio de la noche.<br>Jes\u00fas, maestro de las palabras definitivas que escuchamos en la intensidad de la devoci\u00f3n.<br>Jes\u00fas, maestro de las palabras definitivas que nos llegan a trav\u00e9s de los mejores de tu Iglesia.<\/p>\n\n\n\n<p>Jes\u00fas, maestro de las palabras<br>que sacian nuestra sed de humanidad,<br>sacian nuestra sed de comuni\u00f3n,<br>sacian nuestra sed de santidad.<\/p>\n\n\n\n<p><\/p>\n\n\n\n<p><a href=\"https:\/\/mail.google.com\/mail\/?view=cm&amp;fs=1&amp;tf=1&amp;to=carmeloampelio@gmail.com\" target=\"_blank\" rel=\"noreferrer noopener\">carmeloampelio@gmail.com<\/a>&nbsp;<a href=\"https:\/\/raspasdefuego.blogspot.com\/\">raspasdefuego.blogspot.com\/<\/a><\/p>\n","protected":false},"excerpt":{"rendered":"<p>LUZ DE LUZ Jes\u00fas, maestro de las mejores palabras para la vida de los hombres.Palabras que nos llegan a lo hondo,palabras que nos mejoran,palabras que nos aligeran de las asperezas de la vida. Jes\u00fas, maestro de la verdad del coraz\u00f3n del ser humano.\u00c1brenos los o\u00eddos de la conciencia,\u00e1brenos los ojos de la misericordia,\u00e1brenos los ojos [&hellip;]<\/p>\n","protected":false},"author":2,"featured_media":0,"comment_status":"closed","ping_status":"closed","sticky":false,"template":"","format":"standard","meta":{"footnotes":""},"categories":[156,153,157],"tags":[],"class_list":["post-3403","post","type-post","status-publish","format-standard","hentry","category-oraciones","category-oraciones-lecturas-domingo","category-oraciones-tiempo-ordinario"],"_links":{"self":[{"href":"https:\/\/www.parroquiaclaret.org\/index.php?rest_route=\/wp\/v2\/posts\/3403","targetHints":{"allow":["GET"]}}],"collection":[{"href":"https:\/\/www.parroquiaclaret.org\/index.php?rest_route=\/wp\/v2\/posts"}],"about":[{"href":"https:\/\/www.parroquiaclaret.org\/index.php?rest_route=\/wp\/v2\/types\/post"}],"author":[{"embeddable":true,"href":"https:\/\/www.parroquiaclaret.org\/index.php?rest_route=\/wp\/v2\/users\/2"}],"replies":[{"embeddable":true,"href":"https:\/\/www.parroquiaclaret.org\/index.php?rest_route=%2Fwp%2Fv2%2Fcomments&post=3403"}],"version-history":[{"count":1,"href":"https:\/\/www.parroquiaclaret.org\/index.php?rest_route=\/wp\/v2\/posts\/3403\/revisions"}],"predecessor-version":[{"id":3404,"href":"https:\/\/www.parroquiaclaret.org\/index.php?rest_route=\/wp\/v2\/posts\/3403\/revisions\/3404"}],"wp:attachment":[{"href":"https:\/\/www.parroquiaclaret.org\/index.php?rest_route=%2Fwp%2Fv2%2Fmedia&parent=3403"}],"wp:term":[{"taxonomy":"category","embeddable":true,"href":"https:\/\/www.parroquiaclaret.org\/index.php?rest_route=%2Fwp%2Fv2%2Fcategories&post=3403"},{"taxonomy":"post_tag","embeddable":true,"href":"https:\/\/www.parroquiaclaret.org\/index.php?rest_route=%2Fwp%2Fv2%2Ftags&post=3403"}],"curies":[{"name":"wp","href":"https:\/\/api.w.org\/{rel}","templated":true}]}}