{"id":3380,"date":"2025-01-22T21:16:48","date_gmt":"2025-01-22T20:16:48","guid":{"rendered":"https:\/\/www.parroquiaclaret.org\/?p=3380"},"modified":"2025-01-22T21:16:48","modified_gmt":"2025-01-22T20:16:48","slug":"oracion-inspirada-en-las-lecturas-del-domingo-26-01-2025-domingo-3-tiempo-ordinario-ciclo-c","status":"publish","type":"post","link":"https:\/\/www.parroquiaclaret.org\/?p=3380","title":{"rendered":"ORACI\u00d3N INSPIRADA EN LAS LECTURAS DEL DOMINGO 26.01.2025. DOMINGO 3 TIEMPO ORDINARIO. CICLO C"},"content":{"rendered":"\n<p><strong><u>ALI\u00c9NTANOS<\/u><\/strong><\/p>\n\n\n\n<p>Se\u00f1or Jes\u00fas, ali\u00e9ntanos para hablar bien de ti con nuestras obras y nuestras palabras.<\/p>\n\n\n\n<p>Se\u00f1or Jes\u00fas, ilumina nuestra inteligencia para detectar lo mejor para el cuidado de la vida en las experiencias m\u00e1s significativas de nuestro tiempo.<\/p>\n\n\n\n<p>Se\u00f1or Jes\u00fas, acomp\u00e1\u00f1anos a la hora de discernir lo m\u00e1s evangelizador en estos extra\u00f1os tiempos que nos toca vivir.<\/p>\n\n\n\n<p>Se\u00f1or Jes\u00fas, danos valent\u00eda para renovar todo lo que tengamos que renovar en nuestras vidas, en nuestra Iglesia, en nuestra cultura y sociedad.<\/p>\n\n\n\n<p>Se\u00f1or Jes\u00fas, imp\u00falsanos a no quedarnos en nuestras comodidades, en nuestro control de riesgos, en nuestros cumplimientos timoratos.<\/p>\n\n\n\n<p>Se\u00f1or Jes\u00fas, qu\u00edtanos el miedo a nuestra verdad, a tu verdad.<\/p>\n\n\n\n<p>Se\u00f1or Jes\u00fas que nos tomemos en serio la fe.<\/p>\n\n\n\n<p>Se\u00f1or Jes\u00fas, que nos tomemos en serio la potencia de tu esp\u00edritu que atraviesa lo mejor de los seres humanos que cultivan la justicia, la fraternidad y la santidad en tantas y tantas tradiciones religiosas y espirituales.<\/p>\n\n\n\n<p>Se\u00f1or Jes\u00fas, ay\u00fadanos a reconocer que el Esp\u00edritu ya est\u00e1 en nosotros, que la Palabra de Dios puede y debe leerse para que nos sintamos directamente concernidos en el testimonio de tu reino a todos y cada uno de los seres humanos con los que nos cruzamos en la vida.<\/p>\n\n\n\n<p>Se\u00f1or Jes\u00fas, que el sediento, sea cual sea su sed viva con nosotros s\u00edntomas de la fuente inagotable que arraiga en ti.<\/p>\n\n\n\n<p>Se\u00f1or Jes\u00fas, que el ciego, sea cual sea su ceguera, viva con nosotros s\u00edntomas de la luz inagotable que arraiga en ti.<\/p>\n\n\n\n<p>Se\u00f1or Jes\u00fas, que el cautivo, sea cual sea su herraje, viva en nosotros s\u00edntomas de esa libertad inagotable que arraiga en ti, la libertad luminosa y humanizante de los Hijos de Dios.<\/p>\n\n\n\n<p>Se\u00f1or Jes\u00fas, despi\u00e9rtanos.<\/p>\n\n\n\n<p>Se\u00f1or Jes\u00fas, aum\u00e9ntanos la audacia.<\/p>\n\n\n\n<p>Se\u00f1or Jes\u00fas, transf\u00f3rmanos en personas de Dios para los dem\u00e1s.&nbsp;<\/p>\n\n\n\n<p>Se\u00f1or Jes\u00fas, tenemos una misi\u00f3n y la queremos cumplir.<\/p>\n\n\n\n<p>Es de lo mejor que nos puede pasar.<\/p>\n\n\n\n<p><\/p>\n\n\n\n<p><a href=\"https:\/\/mail.google.com\/mail\/?view=cm&amp;fs=1&amp;tf=1&amp;to=carmeloampelio@gmail.com\" target=\"_blank\" rel=\"noreferrer noopener\">carmeloampelio@gmail.com<\/a>&nbsp;<a href=\"https:\/\/raspasdefuego.blogspot.com\/\">raspasdefuego.blogspot.com\/<\/a><\/p>\n","protected":false},"excerpt":{"rendered":"<p>ALI\u00c9NTANOS Se\u00f1or Jes\u00fas, ali\u00e9ntanos para hablar bien de ti con nuestras obras y nuestras palabras. Se\u00f1or Jes\u00fas, ilumina nuestra inteligencia para detectar lo mejor para el cuidado de la vida en las experiencias m\u00e1s significativas de nuestro tiempo. Se\u00f1or Jes\u00fas, acomp\u00e1\u00f1anos a la hora de discernir lo m\u00e1s evangelizador en estos extra\u00f1os tiempos que nos [&hellip;]<\/p>\n","protected":false},"author":2,"featured_media":0,"comment_status":"closed","ping_status":"closed","sticky":false,"template":"","format":"standard","meta":{"footnotes":""},"categories":[156,153,157],"tags":[],"class_list":["post-3380","post","type-post","status-publish","format-standard","hentry","category-oraciones","category-oraciones-lecturas-domingo","category-oraciones-tiempo-ordinario"],"_links":{"self":[{"href":"https:\/\/www.parroquiaclaret.org\/index.php?rest_route=\/wp\/v2\/posts\/3380","targetHints":{"allow":["GET"]}}],"collection":[{"href":"https:\/\/www.parroquiaclaret.org\/index.php?rest_route=\/wp\/v2\/posts"}],"about":[{"href":"https:\/\/www.parroquiaclaret.org\/index.php?rest_route=\/wp\/v2\/types\/post"}],"author":[{"embeddable":true,"href":"https:\/\/www.parroquiaclaret.org\/index.php?rest_route=\/wp\/v2\/users\/2"}],"replies":[{"embeddable":true,"href":"https:\/\/www.parroquiaclaret.org\/index.php?rest_route=%2Fwp%2Fv2%2Fcomments&post=3380"}],"version-history":[{"count":1,"href":"https:\/\/www.parroquiaclaret.org\/index.php?rest_route=\/wp\/v2\/posts\/3380\/revisions"}],"predecessor-version":[{"id":3381,"href":"https:\/\/www.parroquiaclaret.org\/index.php?rest_route=\/wp\/v2\/posts\/3380\/revisions\/3381"}],"wp:attachment":[{"href":"https:\/\/www.parroquiaclaret.org\/index.php?rest_route=%2Fwp%2Fv2%2Fmedia&parent=3380"}],"wp:term":[{"taxonomy":"category","embeddable":true,"href":"https:\/\/www.parroquiaclaret.org\/index.php?rest_route=%2Fwp%2Fv2%2Fcategories&post=3380"},{"taxonomy":"post_tag","embeddable":true,"href":"https:\/\/www.parroquiaclaret.org\/index.php?rest_route=%2Fwp%2Fv2%2Ftags&post=3380"}],"curies":[{"name":"wp","href":"https:\/\/api.w.org\/{rel}","templated":true}]}}