{"id":336,"date":"2014-12-17T20:17:32","date_gmt":"2014-12-17T19:17:32","guid":{"rendered":"https:\/\/www.parroquiaclaret.org\/campana-pintale-a-jesus-su-casa-por-navidad"},"modified":"2014-12-17T20:43:19","modified_gmt":"2014-12-17T19:43:19","slug":"campana-pintale-a-jesus-su-casa-por-navidad","status":"publish","type":"post","link":"https:\/\/www.parroquiaclaret.org\/?p=336","title":{"rendered":"Campa\u00f1a \u00abP\u00edntale a Jes\u00fas su casa por Navidad\u00bb"},"content":{"rendered":"<p><a href=\"https:\/\/www.parroquiaclaret.org\/wp-content\/uploads\/2014\/12\/20141214_Campa\u00f1aPintaleAJes\u00fasSuCasaPorNavidad.pdf\"><img loading=\"lazy\" decoding=\"async\" src=\"https:\/\/www.parroquiaclaret.org\/wp-content\/uploads\/2014\/12\/20141214_Campa\u00f1aPintaleAJes\u00fasSuCasaPorNavidad-182x300.png\" alt=\"20141214_Campa\u00f1aPintaleAJes\u00fasSuCasaPorNavidad\" width=\"182\" height=\"300\" class=\"alignleft size-medium wp-image-339\" srcset=\"https:\/\/www.parroquiaclaret.org\/wp-content\/uploads\/2014\/12\/20141214_Campa\u00f1aPintaleAJes\u00fasSuCasaPorNavidad-182x300.png 182w, https:\/\/www.parroquiaclaret.org\/wp-content\/uploads\/2014\/12\/20141214_Campa\u00f1aPintaleAJes\u00fasSuCasaPorNavidad.png 204w\" sizes=\"auto, (max-width: 182px) 100vw, 182px\" \/><\/a>Hermanos: <\/p>\n<p>Queremos presentaros hoy la campa\u00f1a \u201cP\u00edntale Jes\u00fas su casa por Navidad.<\/p>\n<p>Dios est\u00e1 en todas partes,  especialmente en el templo que es la cada de todos, aqu\u00ed  tienen lugar  los acontecimientos  m\u00e1s importantes de nuestra vida como cristianos, en su mayor\u00eda  momentos felices pero tambi\u00e9n instantes tristes. Aqu\u00ed crecemos,  nos hacemos mejores personas y m\u00e1s felices. <\/p>\n<p>Jes\u00fas quiere su casa iluminada, con flores, limpia. Por esta raz\u00f3n es necesario que todos seg\u00fan nuestras posibilidades colaboremos  en su mantenimiento, la sintamos como nuestra. La parroquia tienen much\u00edsimos gastos, por este motivo el consejo de pastoral ha organizado esta  campa\u00f1a con el objeto de recaudar fondos para ayudar a pintar el templo, concretamente el presbiterio.<\/p>\n<p>Durante este fin de semana se  repartir\u00e1n  unos sobres en el que pod\u00e9is hacer el donativo que voluntariamente quiera aportar vuestra familia, desde hoy hasta el 04 enero pr\u00f3ximo. En la salida del templo  estar\u00e1n dos voluntarios con un cofre donde puede dejar su contribuci\u00f3n.<\/p>\n<p>Est\u00e1n previstas otras actividades a lo largo de la campa\u00f1a. Se ha compuesto la canci\u00f3n P\u00edntale a Jes\u00fas su casa por navidad, que se cantara en las misas de 8:00 de la noche de los s\u00e1bados y 12:30 los domingos, durante el tiempo que dure la campa\u00f1a.<\/p>\n<p>Agradecemos vuestra ayuda y generosidad. <\/p>\n","protected":false},"excerpt":{"rendered":"<p>Hermanos: Queremos presentaros hoy la campa\u00f1a \u201cP\u00edntale Jes\u00fas su casa por Navidad. Dios est\u00e1 en todas partes, especialmente en el templo que es la cada de todos, aqu\u00ed tienen lugar los acontecimientos m\u00e1s importantes de nuestra vida como cristianos, en su mayor\u00eda momentos felices pero tambi\u00e9n instantes tristes. Aqu\u00ed crecemos, nos hacemos mejores personas y [&hellip;]<\/p>\n","protected":false},"author":1,"featured_media":0,"comment_status":"closed","ping_status":"closed","sticky":false,"template":"","format":"standard","meta":{"footnotes":""},"categories":[2,19,24,20],"tags":[],"class_list":["post-336","post","type-post","status-publish","format-standard","hentry","category-calendario","category-la-parroquia","category-navidad","category-sostenimiento"],"_links":{"self":[{"href":"https:\/\/www.parroquiaclaret.org\/index.php?rest_route=\/wp\/v2\/posts\/336","targetHints":{"allow":["GET"]}}],"collection":[{"href":"https:\/\/www.parroquiaclaret.org\/index.php?rest_route=\/wp\/v2\/posts"}],"about":[{"href":"https:\/\/www.parroquiaclaret.org\/index.php?rest_route=\/wp\/v2\/types\/post"}],"author":[{"embeddable":true,"href":"https:\/\/www.parroquiaclaret.org\/index.php?rest_route=\/wp\/v2\/users\/1"}],"replies":[{"embeddable":true,"href":"https:\/\/www.parroquiaclaret.org\/index.php?rest_route=%2Fwp%2Fv2%2Fcomments&post=336"}],"version-history":[{"count":4,"href":"https:\/\/www.parroquiaclaret.org\/index.php?rest_route=\/wp\/v2\/posts\/336\/revisions"}],"predecessor-version":[{"id":342,"href":"https:\/\/www.parroquiaclaret.org\/index.php?rest_route=\/wp\/v2\/posts\/336\/revisions\/342"}],"wp:attachment":[{"href":"https:\/\/www.parroquiaclaret.org\/index.php?rest_route=%2Fwp%2Fv2%2Fmedia&parent=336"}],"wp:term":[{"taxonomy":"category","embeddable":true,"href":"https:\/\/www.parroquiaclaret.org\/index.php?rest_route=%2Fwp%2Fv2%2Fcategories&post=336"},{"taxonomy":"post_tag","embeddable":true,"href":"https:\/\/www.parroquiaclaret.org\/index.php?rest_route=%2Fwp%2Fv2%2Ftags&post=336"}],"curies":[{"name":"wp","href":"https:\/\/api.w.org\/{rel}","templated":true}]}}