{"id":3315,"date":"2024-11-30T23:17:07","date_gmt":"2024-11-30T22:17:07","guid":{"rendered":"https:\/\/www.parroquiaclaret.org\/?p=3315"},"modified":"2024-12-11T21:07:39","modified_gmt":"2024-12-11T20:07:39","slug":"oracion-inspirada-en-las-lecturas-del-domingo-01-12-2024-adviento-1-ciclo-c","status":"publish","type":"post","link":"https:\/\/www.parroquiaclaret.org\/?p=3315","title":{"rendered":"ORACI\u00d3N INSPIRADA EN LAS LECTURAS DEL DOMINGO 01.12.2024. ADVIENTO 1. CICLO C"},"content":{"rendered":"\n<p><strong><u>MANTENERSE DESPIERTO.<\/u><\/strong><\/p>\n\n\n\n<p>Ante Ti, Se\u00f1or,<br>mantenerme despierto.<br>Ante los dem\u00e1s,<br>mantenerme despierto.<\/p>\n\n\n\n<p>Despierto, ante ti, Se\u00f1or\u2026<br>porque nos rodean nieblas, ruinas, miedos\u2026<br>como ara\u00f1as negras en medio de una pesadilla.<br>Despierto, ante ti, Se\u00f1or\u2026<br>porque hay captar muchos destellos de verdad, de bien, de belleza\u2026<br>como la brisa fresca del amanecer.<\/p>\n\n\n\n<p>Despierto, ante ti, Se\u00f1or\u2026<br>porque nos acucian las mentiras, las soledades, los l\u00edmites muy humanos de lo humano\u2026<br>como una granizada de piedras hirvientes.<br>Despierto, ante ti, Se\u00f1or\u2026<br>porque toca cultivar lo mejor de uno en estos tiempos de s\u00edntesis, de valent\u00eda, de profec\u00eda\u2026<br>como el aire sano de la fuerza del Esp\u00edritu.<\/p>\n\n\n\n<p>Despierto, ante ti, Se\u00f1or\u2026<br>porque nos agotan los tramposos, los soberbios, los cegados por las poses<br>de maniqu\u00edes falsos con ropajes falsos.<br>Despierto, ante ti, Se\u00f1or\u2026<br>porque se intuyen muchos s\u00edntomas de esperanza, de misericordia, de cuidado\u2026<br>indicios como el viento santo cargado de futuro insondable.<\/p>\n\n\n\n<p>Despierto, Se\u00f1or,<br>junto a mis estupideces,<br>junto a mis sombras,<br>junto a mis l\u00edmites\u2026<br>que tan bien conoces.<\/p>\n\n\n\n<p>Despierto, Se\u00f1or,<br>ante ti,<br>tembloroso,<br>minusv\u00e1lido,<br>dolorido.<br>Pero cimentado en ti, alimentado de ti, habitado por ti.<\/p>\n\n\n\n<p>Despierto ante Ti, Se\u00f1or.<br>Resistente.<br>Esperanzado.<br>En camino con tantos y tantos.<\/p>\n\n\n\n<p>Despierto ante Ti, Se\u00f1or.<br>Porque creo saber<br>en lo m\u00e1s hondo de mi coraz\u00f3n<br>que realmente eres<br>lo que m\u00e1s merece la pena<br>de todo lo que pudiera merecer la pena.<\/p>\n\n\n\n<p><\/p>\n\n\n\n<p><a href=\"https:\/\/mail.google.com\/mail\/?view=cm&amp;fs=1&amp;tf=1&amp;to=carmeloampelio@gmail.com\" target=\"_blank\" rel=\"noreferrer noopener\">carmeloampelio@gmail.com<\/a>&nbsp;<a href=\"https:\/\/raspasdefuego.blogspot.com\/\">raspasdefuego.blogspot.com\/<\/a><\/p>\n","protected":false},"excerpt":{"rendered":"<p>MANTENERSE DESPIERTO. Ante Ti, Se\u00f1or,mantenerme despierto.Ante los dem\u00e1s,mantenerme despierto. Despierto, ante ti, Se\u00f1or\u2026porque nos rodean nieblas, ruinas, miedos\u2026como ara\u00f1as negras en medio de una pesadilla.Despierto, ante ti, Se\u00f1or\u2026porque hay captar muchos destellos de verdad, de bien, de belleza\u2026como la brisa fresca del amanecer. Despierto, ante ti, Se\u00f1or\u2026porque nos acucian las mentiras, las soledades, los l\u00edmites [&hellip;]<\/p>\n","protected":false},"author":2,"featured_media":0,"comment_status":"closed","ping_status":"closed","sticky":false,"template":"","format":"standard","meta":{"footnotes":""},"categories":[156,158,153],"tags":[],"class_list":["post-3315","post","type-post","status-publish","format-standard","hentry","category-oraciones","category-oraciones-adviento","category-oraciones-lecturas-domingo"],"_links":{"self":[{"href":"https:\/\/www.parroquiaclaret.org\/index.php?rest_route=\/wp\/v2\/posts\/3315","targetHints":{"allow":["GET"]}}],"collection":[{"href":"https:\/\/www.parroquiaclaret.org\/index.php?rest_route=\/wp\/v2\/posts"}],"about":[{"href":"https:\/\/www.parroquiaclaret.org\/index.php?rest_route=\/wp\/v2\/types\/post"}],"author":[{"embeddable":true,"href":"https:\/\/www.parroquiaclaret.org\/index.php?rest_route=\/wp\/v2\/users\/2"}],"replies":[{"embeddable":true,"href":"https:\/\/www.parroquiaclaret.org\/index.php?rest_route=%2Fwp%2Fv2%2Fcomments&post=3315"}],"version-history":[{"count":1,"href":"https:\/\/www.parroquiaclaret.org\/index.php?rest_route=\/wp\/v2\/posts\/3315\/revisions"}],"predecessor-version":[{"id":3316,"href":"https:\/\/www.parroquiaclaret.org\/index.php?rest_route=\/wp\/v2\/posts\/3315\/revisions\/3316"}],"wp:attachment":[{"href":"https:\/\/www.parroquiaclaret.org\/index.php?rest_route=%2Fwp%2Fv2%2Fmedia&parent=3315"}],"wp:term":[{"taxonomy":"category","embeddable":true,"href":"https:\/\/www.parroquiaclaret.org\/index.php?rest_route=%2Fwp%2Fv2%2Fcategories&post=3315"},{"taxonomy":"post_tag","embeddable":true,"href":"https:\/\/www.parroquiaclaret.org\/index.php?rest_route=%2Fwp%2Fv2%2Ftags&post=3315"}],"curies":[{"name":"wp","href":"https:\/\/api.w.org\/{rel}","templated":true}]}}