{"id":3083,"date":"2024-05-30T20:01:54","date_gmt":"2024-05-30T18:01:54","guid":{"rendered":"https:\/\/www.parroquiaclaret.org\/?p=3083"},"modified":"2024-05-30T20:01:54","modified_gmt":"2024-05-30T18:01:54","slug":"oracion-inspirada-en-las-lecturas-del-domingo-02-06-2024-corpus-ciclo-b","status":"publish","type":"post","link":"https:\/\/www.parroquiaclaret.org\/?p=3083","title":{"rendered":"ORACI\u00d3N INSPIRADA EN LAS LECTURAS DEL DOMINGO 02.06.2024. CORPUS. CICLO B."},"content":{"rendered":"\n<p><a><strong><u>PRESENCIA QUE RECREA Y ENAMORA<\/u><\/strong><\/a><\/p>\n\n\n\n<p>Se\u00f1or, presencia que recrea y enamora,<br>ante ti,<br>contigo,<br>por ti,<br>ante la inmensa comuni\u00f3n que revelas,<br>ante la inmensa presencia que irradias,<br>ante el inmenso misterio de lo realmente real que nunca falla<br>te decimos desde nuestro coraz\u00f3n<br>que nos alimentes para<br>ser artesanos de comuni\u00f3n,<br>ser maestros de misericordia,<br>ser de los que siembran mirada de conmiseraci\u00f3n por dondequiera que vayan,<br>ser operarios de paz,<br>ser fabricantes de puentes entre los hombres,<br>ser constructores de confianza,<br>ser los que alientan la inclusi\u00f3n, el respeto y la diversidad de la humanidad,<br>ser creadores de hospitalidad,<br>ser orfebres de santidad,<br>ser de los que dan fe de lo mejor del ser humano,<br>ser tejedores de redes de solidaridad,<br>ser testigos de tu poder de salvaci\u00f3n,<br>ser de los que sacian el hambre de verdad y autenticidad,<br>ser de los que aportan sensibilidad,<br>ser de los que sanan corazones desgarrados,<br>ser cuidadores de humanidad,<br>ser m\u00fasicos de la alegr\u00eda,<br>ser de los que no pierden el norte en el laberinto que vivimos,<br>ser signos de esperanza,<br>ser humildes orantes,<br>ser compa\u00f1eros de lo mejor de la humanidad,<br>ser de los que declaran que estamos llamados y capacitados para la fraternidad,<br>ser sacramento cotidiano de salvaci\u00f3n en nuestras ciudades y nuestros trabajos,<br>ser los que defienden los derechos de los m\u00e1s maltratados en este mundo hostil,<br>ser de los que calman la sed de sentido de tantos y tantos que nos rodean,<br>ser audaces transmisores de la fe\u2026<\/p>\n\n\n\n<p>Santidad de Cristo,<br>Misterio de Cristo,<br>Presencia de Cristo,<br>que nos recrea y enamora.<\/p>\n\n\n\n<p>Am\u00e9n.<br>Am\u00e9n.<br>Am\u00e9n.<\/p>\n\n\n\n<p><a href=\"mailto:carmeloampelio@gmail.com\">carmeloampelio@gmail.com<\/a><\/p>\n\n\n\n<p><a href=\"https:\/\/raspasdefuego.blogspot.com\/\">raspasdefuego.blogspot.com\/<\/a><\/p>\n\n\n\n<p><\/p>\n","protected":false},"excerpt":{"rendered":"<p>PRESENCIA QUE RECREA Y ENAMORA Se\u00f1or, presencia que recrea y enamora,ante ti,contigo,por ti,ante la inmensa comuni\u00f3n que revelas,ante la inmensa presencia que irradias,ante el inmenso misterio de lo realmente real que nunca fallate decimos desde nuestro coraz\u00f3nque nos alimentes paraser artesanos de comuni\u00f3n,ser maestros de misericordia,ser de los que siembran mirada de conmiseraci\u00f3n por dondequiera [&hellip;]<\/p>\n","protected":false},"author":2,"featured_media":0,"comment_status":"closed","ping_status":"closed","sticky":false,"template":"","format":"standard","meta":{"footnotes":""},"categories":[136,45,156,153,155],"tags":[],"class_list":["post-3083","post","type-post","status-publish","format-standard","hentry","category-adoracion-del-santisimo","category-corpus-christi","category-oraciones","category-oraciones-lecturas-domingo","category-oraciones-tiempo-pascual"],"_links":{"self":[{"href":"https:\/\/www.parroquiaclaret.org\/index.php?rest_route=\/wp\/v2\/posts\/3083","targetHints":{"allow":["GET"]}}],"collection":[{"href":"https:\/\/www.parroquiaclaret.org\/index.php?rest_route=\/wp\/v2\/posts"}],"about":[{"href":"https:\/\/www.parroquiaclaret.org\/index.php?rest_route=\/wp\/v2\/types\/post"}],"author":[{"embeddable":true,"href":"https:\/\/www.parroquiaclaret.org\/index.php?rest_route=\/wp\/v2\/users\/2"}],"replies":[{"embeddable":true,"href":"https:\/\/www.parroquiaclaret.org\/index.php?rest_route=%2Fwp%2Fv2%2Fcomments&post=3083"}],"version-history":[{"count":1,"href":"https:\/\/www.parroquiaclaret.org\/index.php?rest_route=\/wp\/v2\/posts\/3083\/revisions"}],"predecessor-version":[{"id":3084,"href":"https:\/\/www.parroquiaclaret.org\/index.php?rest_route=\/wp\/v2\/posts\/3083\/revisions\/3084"}],"wp:attachment":[{"href":"https:\/\/www.parroquiaclaret.org\/index.php?rest_route=%2Fwp%2Fv2%2Fmedia&parent=3083"}],"wp:term":[{"taxonomy":"category","embeddable":true,"href":"https:\/\/www.parroquiaclaret.org\/index.php?rest_route=%2Fwp%2Fv2%2Fcategories&post=3083"},{"taxonomy":"post_tag","embeddable":true,"href":"https:\/\/www.parroquiaclaret.org\/index.php?rest_route=%2Fwp%2Fv2%2Ftags&post=3083"}],"curies":[{"name":"wp","href":"https:\/\/api.w.org\/{rel}","templated":true}]}}