{"id":2902,"date":"2023-11-23T07:25:43","date_gmt":"2023-11-23T06:25:43","guid":{"rendered":"https:\/\/www.parroquiaclaret.org\/?p=2902"},"modified":"2023-11-23T07:25:43","modified_gmt":"2023-11-23T06:25:43","slug":"oracion-inspirada-en-las-lecturas-del-domingo-ciclo-a-tiempo-ordinario-34-cristo-rey-26-11-2023","status":"publish","type":"post","link":"https:\/\/www.parroquiaclaret.org\/?p=2902","title":{"rendered":"ORACI\u00d3N INSPIRADA EN LAS LECTURAS DEL DOMINGO. CICLO A. TIEMPO ORDINARIO 34.CRISTO REY. 26.11.2023"},"content":{"rendered":"\n<p><\/p>\n\n\n\n<p><strong><u>Pastor<\/u><\/strong><\/p>\n\n\n\n<p>Se\u00f1or Jes\u00fas, nuestro pastor.<\/p>\n\n\n\n<p>Se\u00f1or Jes\u00fas, el que indulta lleno de paciencia nuestras ignorancias evitables.<\/p>\n\n\n\n<p>Se\u00f1or Jes\u00fas, el clemente frente a tanta y tantas pele\u00edtas en que nos empecinamos los creyentes.<\/p>\n\n\n\n<p>Se\u00f1or Jes\u00fas, el que mira hacia lo mejor del futuro superando nuestros autoenga\u00f1os tan humanos.<\/p>\n\n\n\n<p>Se\u00f1or Jes\u00fas, el que inspira la creatividad permanente de los hombres y mujeres de buena voluntad.<\/p>\n\n\n\n<p>Se\u00f1or Jes\u00fas, el que quiebra los c\u00edrculos viciosos en los que nos embarullamos con nuestras sandeces.<\/p>\n\n\n\n<p>Se\u00f1or Jes\u00fas, el que nos infunde esperanza a pesar de nuestras ca\u00eddas en las injusticias y el pecado.<\/p>\n\n\n\n<p>Se\u00f1or Jes\u00fas, el que fundamenta la fraternidad irrompible al hablarnos de Dios Padre de todos.<\/p>\n\n\n\n<p>Se\u00f1or Jes\u00fas, el que nos constituye para que hagamos bien el bien por donde quiera que pasemos.<\/p>\n\n\n\n<p>Se\u00f1or Jes\u00fas, el que impulsa el compromiso para que todos tengamos vida y la pongamos al servicio de la vida.<\/p>\n\n\n\n<p>Se\u00f1or Jes\u00fas, el manso lleno de la energ\u00eda de la no violencia en este mundo de resentidos.<\/p>\n\n\n\n<p>Se\u00f1or Jes\u00fas, el que consuela definitivamente en los momentos de la muerte de seres queridos.<\/p>\n\n\n\n<p>Se\u00f1or Jes\u00fas, el que sacia de justicia los corazones cansados de tanta y tanta imp\u00eda inhumanidad.<\/p>\n\n\n\n<p>Se\u00f1or Jes\u00fas, el que nos ense\u00f1a la limpieza de coraz\u00f3n ante tanto y tanto inter\u00e9s mezquino.<\/p>\n\n\n\n<p>Se\u00f1or Jes\u00fas, el que mira como s\u00f3lo lo puede hacer Dios.<\/p>\n\n\n\n<p>Se\u00f1or Jes\u00fas, el que nos hace capaces de creer en Dios de la Vida.<\/p>\n\n\n\n<p>Se\u00f1or Jes\u00fas, el que se abre de coraz\u00f3n al que tiene delante.<\/p>\n\n\n\n<p>Se\u00f1or Jes\u00fas, el que inspira confianza inagotable a pesar de nuestros pesares.<\/p>\n\n\n\n<p>Se\u00f1or Jes\u00fas, el que atraviesa gloriosamente las sombras del pecado y de la muerte.<\/p>\n\n\n\n<p>Se\u00f1or Jes\u00fas, tu cruz es nuestra luz.<\/p>\n\n\n\n<p>Misteriosamente.<\/p>\n\n\n\n<p>Santamente.<\/p>\n\n\n\n<p>En la fe.<\/p>\n\n\n\n<p>Por la fe.<\/p>\n\n\n\n<p>Para la fe.<br><\/p>\n\n\n\n<p><a href=\"mailto:carmeloampelio@gmail.com\">carmeloampelio@gmail.com<\/a><\/p>\n\n\n\n<p><a href=\"https:\/\/raspasdefuego.blogspot.com\/\">raspasdefuego.blogspot.com\/<\/a><\/p>\n\n\n\n<p><\/p>\n\n\n\n<p><\/p>\n","protected":false},"excerpt":{"rendered":"<p>Pastor Se\u00f1or Jes\u00fas, nuestro pastor. Se\u00f1or Jes\u00fas, el que indulta lleno de paciencia nuestras ignorancias evitables. Se\u00f1or Jes\u00fas, el clemente frente a tanta y tantas pele\u00edtas en que nos empecinamos los creyentes. Se\u00f1or Jes\u00fas, el que mira hacia lo mejor del futuro superando nuestros autoenga\u00f1os tan humanos. Se\u00f1or Jes\u00fas, el que inspira la creatividad permanente [&hellip;]<\/p>\n","protected":false},"author":2,"featured_media":0,"comment_status":"closed","ping_status":"closed","sticky":false,"template":"","format":"standard","meta":{"footnotes":""},"categories":[156,153,157],"tags":[],"class_list":["post-2902","post","type-post","status-publish","format-standard","hentry","category-oraciones","category-oraciones-lecturas-domingo","category-oraciones-tiempo-ordinario"],"_links":{"self":[{"href":"https:\/\/www.parroquiaclaret.org\/index.php?rest_route=\/wp\/v2\/posts\/2902","targetHints":{"allow":["GET"]}}],"collection":[{"href":"https:\/\/www.parroquiaclaret.org\/index.php?rest_route=\/wp\/v2\/posts"}],"about":[{"href":"https:\/\/www.parroquiaclaret.org\/index.php?rest_route=\/wp\/v2\/types\/post"}],"author":[{"embeddable":true,"href":"https:\/\/www.parroquiaclaret.org\/index.php?rest_route=\/wp\/v2\/users\/2"}],"replies":[{"embeddable":true,"href":"https:\/\/www.parroquiaclaret.org\/index.php?rest_route=%2Fwp%2Fv2%2Fcomments&post=2902"}],"version-history":[{"count":1,"href":"https:\/\/www.parroquiaclaret.org\/index.php?rest_route=\/wp\/v2\/posts\/2902\/revisions"}],"predecessor-version":[{"id":2903,"href":"https:\/\/www.parroquiaclaret.org\/index.php?rest_route=\/wp\/v2\/posts\/2902\/revisions\/2903"}],"wp:attachment":[{"href":"https:\/\/www.parroquiaclaret.org\/index.php?rest_route=%2Fwp%2Fv2%2Fmedia&parent=2902"}],"wp:term":[{"taxonomy":"category","embeddable":true,"href":"https:\/\/www.parroquiaclaret.org\/index.php?rest_route=%2Fwp%2Fv2%2Fcategories&post=2902"},{"taxonomy":"post_tag","embeddable":true,"href":"https:\/\/www.parroquiaclaret.org\/index.php?rest_route=%2Fwp%2Fv2%2Ftags&post=2902"}],"curies":[{"name":"wp","href":"https:\/\/api.w.org\/{rel}","templated":true}]}}