{"id":2900,"date":"2023-11-17T22:10:30","date_gmt":"2023-11-17T21:10:30","guid":{"rendered":"https:\/\/www.parroquiaclaret.org\/?p=2900"},"modified":"2023-11-17T22:10:30","modified_gmt":"2023-11-17T21:10:30","slug":"oracion-inspirada-en-las-lecturas-del-domingo-ciclo-a-tiempo-ordinario-33-19-11-2023","status":"publish","type":"post","link":"https:\/\/www.parroquiaclaret.org\/?p=2900","title":{"rendered":"ORACI\u00d3N INSPIRADA EN LAS LECTURAS DEL DOMINGO. CICLO A. TIEMPO ORDINARIO 33. 19.11.2023"},"content":{"rendered":"\n<p><\/p>\n\n\n\n<p><strong><u>Dones <\/u><\/strong><\/p>\n\n\n\n<p><\/p>\n\n\n\n<p>Se\u00f1or Jes\u00fas, maestro m\u00e1s all\u00e1 del voluntarismo,<br>que comprenda que tus dones son un regalo para mi y para los dem\u00e1s<br>a pesar de mis l\u00edmites,<br>a pesar de mis miedos,<br>a pesar de mis orgullos.<\/p>\n\n\n\n<p>Se\u00f1or Jes\u00fas, maestro m\u00e1s all\u00e1 del m\u00e9rito,<br>que viva mi vida como un servicio a los dem\u00e1s<br>a pesar de mis brotes de narcisismo,<br>a pesar de mis sombras de engreimiento,<br>a pesar de mis perezas y miedos.<\/p>\n\n\n\n<p>Se\u00f1or Jes\u00fas, maestro m\u00e1s all\u00e1 de la comparaci\u00f3n,<br>que me deje llevar por el cuidado a la vida<br>que se me regala,<br>que me fundamenta,<br>que me llama a vivir<br>cada momento,<br>cada acci\u00f3n<br>cada encuentro,<br>como un momento<br>donde destella la plenitud<br>en la que todos somos hermanos.<\/p>\n\n\n\n<p>Se\u00f1or Jes\u00fas, maestro m\u00e1s all\u00e1 del juicio,<br>que viva con humildad,<br>que silencie mi ego vanidoso,<br>que acalle mi vanidad,<br>que no me crea mejor que los dem\u00e1s.<br>Se\u00f1or Jes\u00fas, que acepte de verdad que cada uno<br>vive sus luchas en la vida,<br>que cada uno intenta superar sus contradicciones como puede,<br>que cada uno es un humano con sus heridas y sus cicatrices.<\/p>\n\n\n\n<p>Se\u00f1or Jes\u00fas, maestro m\u00e1s all\u00e1 de la condena,<br>que no me deje llevar<br>por mi necia arrogancia,<br>por mi creerme superior,<br>por mi autocomplacencia<br>en mis m\u00e9ritos.,<br>en mis obras,<br>en mis, supuestamente, acciones beneficiosas.<\/p>\n\n\n\n<p>Se\u00f1or Jes\u00fas, maestro de la benevolencia.<br>M\u00edrame con bondad,<br>purif\u00edcame en lo m\u00e1s hondo de mi sensibilidad.<br>\u00faneme a tu coraz\u00f3n<br>de infinita<br>e inefable<br>misericordia.<\/p>\n\n\n\n<p><\/p>\n\n\n\n<p><a href=\"mailto:carmeloampelio@gmail.com\">carmeloampelio@gmail.com<\/a><\/p>\n\n\n\n<p><a href=\"https:\/\/raspasdefuego.blogspot.com\/\">raspasdefuego.blogspot.com\/<\/a><\/p>\n\n\n\n<p><\/p>\n\n\n\n<p><\/p>\n","protected":false},"excerpt":{"rendered":"<p>Dones Se\u00f1or Jes\u00fas, maestro m\u00e1s all\u00e1 del voluntarismo,que comprenda que tus dones son un regalo para mi y para los dem\u00e1sa pesar de mis l\u00edmites,a pesar de mis miedos,a pesar de mis orgullos. Se\u00f1or Jes\u00fas, maestro m\u00e1s all\u00e1 del m\u00e9rito,que viva mi vida como un servicio a los dem\u00e1sa pesar de mis brotes de narcisismo,a [&hellip;]<\/p>\n","protected":false},"author":2,"featured_media":0,"comment_status":"closed","ping_status":"closed","sticky":false,"template":"","format":"standard","meta":{"footnotes":""},"categories":[156,153,157],"tags":[],"class_list":["post-2900","post","type-post","status-publish","format-standard","hentry","category-oraciones","category-oraciones-lecturas-domingo","category-oraciones-tiempo-ordinario"],"_links":{"self":[{"href":"https:\/\/www.parroquiaclaret.org\/index.php?rest_route=\/wp\/v2\/posts\/2900","targetHints":{"allow":["GET"]}}],"collection":[{"href":"https:\/\/www.parroquiaclaret.org\/index.php?rest_route=\/wp\/v2\/posts"}],"about":[{"href":"https:\/\/www.parroquiaclaret.org\/index.php?rest_route=\/wp\/v2\/types\/post"}],"author":[{"embeddable":true,"href":"https:\/\/www.parroquiaclaret.org\/index.php?rest_route=\/wp\/v2\/users\/2"}],"replies":[{"embeddable":true,"href":"https:\/\/www.parroquiaclaret.org\/index.php?rest_route=%2Fwp%2Fv2%2Fcomments&post=2900"}],"version-history":[{"count":1,"href":"https:\/\/www.parroquiaclaret.org\/index.php?rest_route=\/wp\/v2\/posts\/2900\/revisions"}],"predecessor-version":[{"id":2901,"href":"https:\/\/www.parroquiaclaret.org\/index.php?rest_route=\/wp\/v2\/posts\/2900\/revisions\/2901"}],"wp:attachment":[{"href":"https:\/\/www.parroquiaclaret.org\/index.php?rest_route=%2Fwp%2Fv2%2Fmedia&parent=2900"}],"wp:term":[{"taxonomy":"category","embeddable":true,"href":"https:\/\/www.parroquiaclaret.org\/index.php?rest_route=%2Fwp%2Fv2%2Fcategories&post=2900"},{"taxonomy":"post_tag","embeddable":true,"href":"https:\/\/www.parroquiaclaret.org\/index.php?rest_route=%2Fwp%2Fv2%2Ftags&post=2900"}],"curies":[{"name":"wp","href":"https:\/\/api.w.org\/{rel}","templated":true}]}}