{"id":2825,"date":"2023-10-05T15:30:00","date_gmt":"2023-10-05T13:30:00","guid":{"rendered":"https:\/\/www.parroquiaclaret.org\/?p=2825"},"modified":"2023-10-05T15:42:51","modified_gmt":"2023-10-05T13:42:51","slug":"seminario-de-vida-en-el-espiritu-para-jovenes-%f0%9f%93%a2-2","status":"publish","type":"post","link":"https:\/\/www.parroquiaclaret.org\/?p=2825","title":{"rendered":"Seminario de Vida en el Esp\u00edritu para J\u00f3venes y plan de formaci\u00f3n y alabanzas de los martes \ud83d\udce2"},"content":{"rendered":"\n<div class=\"wp-block-group\"><div class=\"wp-block-group__inner-container is-layout-constrained wp-block-group-is-layout-constrained\">\n<p>Informaci\u00f3n en documentos adjuntos de las siguientes actividades que organiza la Parroquia en colaboraci\u00f3n con el grupo Coraz\u00f3n de Mar\u00eda:<\/p>\n\n\n\n<ul class=\"wp-block-list\">\n<li>El pr\u00f3ximo SEMINARIO DE VIDA EN EL EL ESP\u00cdRITU para j\u00f3venes.<\/li>\n\n\n\n<li>Plan de formaci\u00f3n y alabanzas los martes a las 21 h para j\u00f3venes (abierto tambi\u00e9n a las adultos que lo deseen)<\/li>\n<\/ul>\n<\/div><\/div>\n\n\n\n<figure class=\"wp-block-image size-large\"><a href=\"https:\/\/www.parroquiaclaret.org\/wp-content\/uploads\/2023\/09\/20230921_SeminarioDeVidaEnElEspiritu.jpg\"><img loading=\"lazy\" decoding=\"async\" width=\"1024\" height=\"724\" src=\"https:\/\/www.parroquiaclaret.org\/wp-content\/uploads\/2023\/09\/20230921_SeminarioDeVidaEnElEspiritu-1024x724.jpg\" alt=\"\" class=\"wp-image-2826\" srcset=\"https:\/\/www.parroquiaclaret.org\/wp-content\/uploads\/2023\/09\/20230921_SeminarioDeVidaEnElEspiritu-1024x724.jpg 1024w, https:\/\/www.parroquiaclaret.org\/wp-content\/uploads\/2023\/09\/20230921_SeminarioDeVidaEnElEspiritu-300x212.jpg 300w, https:\/\/www.parroquiaclaret.org\/wp-content\/uploads\/2023\/09\/20230921_SeminarioDeVidaEnElEspiritu-768x543.jpg 768w, https:\/\/www.parroquiaclaret.org\/wp-content\/uploads\/2023\/09\/20230921_SeminarioDeVidaEnElEspiritu-1536x1086.jpg 1536w, https:\/\/www.parroquiaclaret.org\/wp-content\/uploads\/2023\/09\/20230921_SeminarioDeVidaEnElEspiritu.jpg 1600w\" sizes=\"auto, (max-width: 1024px) 100vw, 1024px\" \/><\/a><\/figure>\n\n\n\n<p>El grupo Coraz\u00f3n de Mar\u00eda de la Parroquia San Antonio Mar\u00eda Claret de Sevilla organiza un nuevo Seminario de Vida en el Esp\u00edritu para j\u00f3venes entre 18 y 30 a\u00f1os. Si conoces a alguno que pueda estar interesado, no dudes en divulgarlo. En el cartel tienes la informaci\u00f3n b\u00e1sica. Muchas gracias.<\/p>\n\n\n\n<div data-wp-interactive=\"core\/file\" class=\"wp-block-file\"><object data-wp-bind--hidden=\"!state.hasPdfPreview\" hidden class=\"wp-block-file__embed\" data=\"https:\/\/www.parroquiaclaret.org\/wp-content\/uploads\/2023\/09\/20230921_SeminarioDeVidaEnElEspiritu.pdf\" type=\"application\/pdf\" style=\"width:100%;height:600px\" aria-label=\"Incrustado de Seminario de vida en el Esp\u00edritu: Programa.\"><\/object><a id=\"wp-block-file--media-ab5649d9-2dd1-46a8-92d9-f59747523626\" href=\"https:\/\/www.parroquiaclaret.org\/wp-content\/uploads\/2023\/09\/20230921_SeminarioDeVidaEnElEspiritu.pdf\">Seminario de vida en el Esp\u00edritu: Programa<\/a><a href=\"https:\/\/www.parroquiaclaret.org\/wp-content\/uploads\/2023\/09\/20230921_SeminarioDeVidaEnElEspiritu.pdf\" class=\"wp-block-file__button wp-element-button\" download aria-describedby=\"wp-block-file--media-ab5649d9-2dd1-46a8-92d9-f59747523626\">Descarga<\/a><\/div>\n\n\n\n<h6 class=\"wp-block-heading has-text-align-center\"><a href=\"https:\/\/www.parroquiaclaret.org\/?cat=94\" rel=\"attachment wp-att-1446\"><img loading=\"lazy\" decoding=\"async\" class=\"wp-image-1446 size-full aligncenter\" src=\"https:\/\/www.parroquiaclaret.org\/wp-content\/uploads\/2020\/03\/Whatsapp-icon_48x48.png\" alt=\"\" width=\"48\" height=\"48\"><\/a><\/h6>\n","protected":false},"excerpt":{"rendered":"<p>Informaci\u00f3n en documentos adjuntos de las siguientes actividades que organiza la Parroquia en colaboraci\u00f3n con el grupo Coraz\u00f3n de Mar\u00eda: El grupo Coraz\u00f3n de Mar\u00eda de la Parroquia San Antonio Mar\u00eda Claret de Sevilla organiza un nuevo Seminario de Vida en el Esp\u00edritu para j\u00f3venes entre 18 y 30 a\u00f1os. Si conoces a alguno que [&hellip;]<\/p>\n","protected":false},"author":1,"featured_media":0,"comment_status":"closed","ping_status":"closed","sticky":false,"template":"","format":"standard","meta":{"footnotes":""},"categories":[140,131,94],"tags":[],"class_list":["post-2825","post","type-post","status-publish","format-standard","hentry","category-espiritu-santo","category-seminario","category-whatsapp"],"_links":{"self":[{"href":"https:\/\/www.parroquiaclaret.org\/index.php?rest_route=\/wp\/v2\/posts\/2825","targetHints":{"allow":["GET"]}}],"collection":[{"href":"https:\/\/www.parroquiaclaret.org\/index.php?rest_route=\/wp\/v2\/posts"}],"about":[{"href":"https:\/\/www.parroquiaclaret.org\/index.php?rest_route=\/wp\/v2\/types\/post"}],"author":[{"embeddable":true,"href":"https:\/\/www.parroquiaclaret.org\/index.php?rest_route=\/wp\/v2\/users\/1"}],"replies":[{"embeddable":true,"href":"https:\/\/www.parroquiaclaret.org\/index.php?rest_route=%2Fwp%2Fv2%2Fcomments&post=2825"}],"version-history":[{"count":16,"href":"https:\/\/www.parroquiaclaret.org\/index.php?rest_route=\/wp\/v2\/posts\/2825\/revisions"}],"predecessor-version":[{"id":2854,"href":"https:\/\/www.parroquiaclaret.org\/index.php?rest_route=\/wp\/v2\/posts\/2825\/revisions\/2854"}],"wp:attachment":[{"href":"https:\/\/www.parroquiaclaret.org\/index.php?rest_route=%2Fwp%2Fv2%2Fmedia&parent=2825"}],"wp:term":[{"taxonomy":"category","embeddable":true,"href":"https:\/\/www.parroquiaclaret.org\/index.php?rest_route=%2Fwp%2Fv2%2Fcategories&post=2825"},{"taxonomy":"post_tag","embeddable":true,"href":"https:\/\/www.parroquiaclaret.org\/index.php?rest_route=%2Fwp%2Fv2%2Ftags&post=2825"}],"curies":[{"name":"wp","href":"https:\/\/api.w.org\/{rel}","templated":true}]}}