{"id":2818,"date":"2023-09-16T22:58:24","date_gmt":"2023-09-16T20:58:24","guid":{"rendered":"https:\/\/www.parroquiaclaret.org\/?p=2818"},"modified":"2023-09-16T22:58:24","modified_gmt":"2023-09-16T20:58:24","slug":"oracion-inspirada-en-las-lecturas-del-domingo-ciclo-a-tiempo-ordinario-24-17-09-2023","status":"publish","type":"post","link":"https:\/\/www.parroquiaclaret.org\/?p=2818","title":{"rendered":"ORACI\u00d3N INSPIRADA EN LAS LECTURAS DEL DOMINGO. CICLO A. TIEMPO ORDINARIO 24. 17.09.2023"},"content":{"rendered":"\n<p><\/p>\n\n\n\n<p><strong>\u00a1Perdona de coraz\u00f3n a tu hermano!<\/strong><\/p>\n\n\n\n<p><\/p>\n\n\n\n<p><br>Se\u00f1or Jes\u00fas, el benevolente, tus desaf\u00edos me abruman.<\/p>\n\n\n\n<p>No s\u00e9 si s\u00e9 perdonar de coraz\u00f3n.<\/p>\n\n\n\n<p>Mis momentos de resentimiento,<br>mis emociones negativas,<br>mis dolores por la traici\u00f3n<br>tantas veces ocupan mi consciencia\u2026<br>me quitan libertad.<\/p>\n\n\n\n<p>Se\u00f1or Jes\u00fas, el de mirada amorosa,<br>no soy capaz de comprender\u2026<br>no soy capaz de superar la decepci\u00f3n\u2026<br>no soy capaz de superar las tentaciones de venganza\u2026<br>el rencor me ara\u00f1a por dentro<br>y sufro porque me hicieron sufrir.<\/p>\n\n\n\n<p>Se\u00f1or Jes\u00fas, el del alma inteligente,<br>mi orgullo herido,<br>mi miedo a parecer d\u00e9bil,<br>mi temor a reconocerme vulnerable\u2026<br>el miedo a ser herido de nuevo me atenaza<br>y me encierro en mis caparazones.<\/p>\n\n\n\n<p>Se\u00f1or Jes\u00fas, el generoso,<br>mis patrones interiores,<br>mi falta de habilidad para comunicarme a fondo,<br>mi poca autoestima\u2026<br>me generan dificultades en mi crecimiento personal.<\/p>\n\n\n\n<p>Se\u00f1or Jes\u00fas, el manso,<br>el reconocer que la vida es injusta,<br>la dificultad en \u201cdejar ir\u201d,<br>aceptar la capacidad de da\u00f1ar de los seres humanos\u2026<br>no es f\u00e1cil\u2026<br>Me falta paciencia,<br>me falta empat\u00eda,<br>me falta pureza en la mirada.<\/p>\n\n\n\n<p>Se\u00f1or Jes\u00fas, el que ama\u2026<br>hazme instrumento de tu paz.<br>Lib\u00e9rame de las cargas emocionales.<br>Que reconozca mis sentimientos tal como son y los deje fluir.<br>Que viva en el momento presente con un coraz\u00f3n sencillo y pacificado.<br>Que crezca en la libertad de los hijos de Dios,<br>que irradian benevolencia,<br>serenidad,<br>fraternidad<br>por donde quiera que pasen.<\/p>\n\n\n\n<p>Se\u00f1or Jes\u00fas, el que realmente hace ver lo que importa,<br>que me centre en tu presencia\u2026<br>tan santa,<br>tan humana,<br>tan salvadora,<br>tan sanadora.<br>carmeloampelio@gmail.com<\/p>\n\n\n\n<p>raspasdefuego.blogspot.com\/<\/p>\n\n\n\n<p><a href=\"mailto:carmeloampelio@gmail.com\">carmeloampelio@gmail.com<\/a><\/p>\n\n\n\n<p><a href=\"https:\/\/raspasdefuego.blogspot.com\/\">raspasdefuego.blogspot.com\/<\/a><\/p>\n\n\n\n<p><\/p>\n\n\n\n<p><\/p>\n","protected":false},"excerpt":{"rendered":"<p>\u00a1Perdona de coraz\u00f3n a tu hermano! Se\u00f1or Jes\u00fas, el benevolente, tus desaf\u00edos me abruman. No s\u00e9 si s\u00e9 perdonar de coraz\u00f3n. Mis momentos de resentimiento,mis emociones negativas,mis dolores por la traici\u00f3ntantas veces ocupan mi consciencia\u2026me quitan libertad. Se\u00f1or Jes\u00fas, el de mirada amorosa,no soy capaz de comprender\u2026no soy capaz de superar la decepci\u00f3n\u2026no soy capaz [&hellip;]<\/p>\n","protected":false},"author":2,"featured_media":0,"comment_status":"closed","ping_status":"closed","sticky":false,"template":"","format":"standard","meta":{"footnotes":""},"categories":[156,153,157],"tags":[],"class_list":["post-2818","post","type-post","status-publish","format-standard","hentry","category-oraciones","category-oraciones-lecturas-domingo","category-oraciones-tiempo-ordinario"],"_links":{"self":[{"href":"https:\/\/www.parroquiaclaret.org\/index.php?rest_route=\/wp\/v2\/posts\/2818","targetHints":{"allow":["GET"]}}],"collection":[{"href":"https:\/\/www.parroquiaclaret.org\/index.php?rest_route=\/wp\/v2\/posts"}],"about":[{"href":"https:\/\/www.parroquiaclaret.org\/index.php?rest_route=\/wp\/v2\/types\/post"}],"author":[{"embeddable":true,"href":"https:\/\/www.parroquiaclaret.org\/index.php?rest_route=\/wp\/v2\/users\/2"}],"replies":[{"embeddable":true,"href":"https:\/\/www.parroquiaclaret.org\/index.php?rest_route=%2Fwp%2Fv2%2Fcomments&post=2818"}],"version-history":[{"count":1,"href":"https:\/\/www.parroquiaclaret.org\/index.php?rest_route=\/wp\/v2\/posts\/2818\/revisions"}],"predecessor-version":[{"id":2819,"href":"https:\/\/www.parroquiaclaret.org\/index.php?rest_route=\/wp\/v2\/posts\/2818\/revisions\/2819"}],"wp:attachment":[{"href":"https:\/\/www.parroquiaclaret.org\/index.php?rest_route=%2Fwp%2Fv2%2Fmedia&parent=2818"}],"wp:term":[{"taxonomy":"category","embeddable":true,"href":"https:\/\/www.parroquiaclaret.org\/index.php?rest_route=%2Fwp%2Fv2%2Fcategories&post=2818"},{"taxonomy":"post_tag","embeddable":true,"href":"https:\/\/www.parroquiaclaret.org\/index.php?rest_route=%2Fwp%2Fv2%2Ftags&post=2818"}],"curies":[{"name":"wp","href":"https:\/\/api.w.org\/{rel}","templated":true}]}}