{"id":2791,"date":"2023-08-09T20:48:55","date_gmt":"2023-08-09T18:48:55","guid":{"rendered":"https:\/\/www.parroquiaclaret.org\/?p=2791"},"modified":"2023-08-09T20:48:55","modified_gmt":"2023-08-09T18:48:55","slug":"oracion-inspirada-en-las-lecturas-del-domingo-ciclo-a-tiempo-ordinario-19-13-08-2023","status":"publish","type":"post","link":"https:\/\/www.parroquiaclaret.org\/?p=2791","title":{"rendered":"ORACI\u00d3N INSPIRADA EN LAS LECTURAS DEL DOMINGO. CICLO A. TIEMPO ORDINARIO 19. 13.08.2023"},"content":{"rendered":"\n<p><strong><u>Se\u00f1or Jes\u00fas, nos preguntas que por qu\u00e9 dudamos.<\/u><\/strong><\/p>\n\n\n\n<p>Se\u00f1or Jes\u00fas, nos preguntas que por qu\u00e9 dudamos.<\/p>\n\n\n\n<p>Somos demasiado humanos\u2026 nuestros miedos, tan hondos, nos pesan d\u00eda a d\u00eda.<\/p>\n\n\n\n<p>\u00bfQui\u00e9n nos ense\u00f1a a confiar en nosotros y en la realidad?<\/p>\n\n\n\n<p>\u00bfCu\u00e1ndo tendremos paz y serenidad que duren y nos sosieguen?<\/p>\n\n\n\n<p>Se\u00f1or, arr\u00e1iganos en la fe, arr\u00e1iganos en ti, Hijo de Dios.<\/p>\n\n\n\n<p>Se\u00f1or Jes\u00fas, nos preguntas que por qu\u00e9 dudamos.<a><\/a><\/p>\n\n\n\n<p>Nuestros cuerpos envejecen inexorablemente\u2026 nos que da poco para el examen final pero no sabemos la fecha \u2026 y nos asusta el contenido.<\/p>\n\n\n\n<p>\u00bfQui\u00e9n nos ense\u00f1a a confiar en la sabidur\u00eda que habita en la entra\u00f1a de la vida?<\/p>\n\n\n\n<p>\u00bfCu\u00e1ndo tendremos la certeza de que hemos entrado en el camino de la vida nueva y vida en abundancia?<\/p>\n\n\n\n<p>Se\u00f1or, arr\u00e1iganos en el confianza, arr\u00e1iganos en ti, Hijo de Dios.<\/p>\n\n\n\n<p>Se\u00f1or Jes\u00fas, nos preguntas que por qu\u00e9 dudamos.<\/p>\n\n\n\n<p>Nuestros instintos siguen siendo lo que son, fuentes de energ\u00edas que parecieran ir por libre, desasosegando nuestro cotidiano convivir.<\/p>\n\n\n\n<p>\u00bfQui\u00e9n nos ense\u00f1a a reconocer la bondad de todo lo que existe?<\/p>\n\n\n\n<p>\u00bfCu\u00e1ndo tendremos una mirada contemplativa sobre las energ\u00edas que nos impelen?<\/p>\n\n\n\n<p>Se\u00f1or, arr\u00e1iganos en la paz, arr\u00e1iganos en ti, Hijo de Dios.<\/p>\n\n\n\n<p>Nuestras emociones nos dominan mucho m\u00e1s de lo que quisi\u00e9ramos\u2026 nos sentimos como corchos en medio de un puerto ca\u00f3tico.<\/p>\n\n\n\n<p>\u00bfQui\u00e9n nos ense\u00f1a a nombrar las inmensas posibilidades que emergen de nuestro interior?<\/p>\n\n\n\n<p>\u00bfCu\u00e1ndo tendremos una mirada compasiva sobre nuestros impulsos internos?<\/p>\n\n\n\n<p>Se\u00f1or, arr\u00e1iganos en la calma, arr\u00e1iganos en ti, Hijo de Dios.<\/p>\n\n\n\n<p>Se\u00f1or Jes\u00fas, nos preguntas que por qu\u00e9 dudamos.<\/p>\n\n\n\n<p>Nuestras dispersiones siguen fragment\u00e1ndonos\u2026 m\u00e1s y m\u00e1s, d\u00eda a d\u00eda\u2026 propaganda, pantallas, parloteos banales, cotilleos zafios\u2026<\/p>\n\n\n\n<p>\u00bfQui\u00e9n nos ense\u00f1a a saber disfrutar del silencio exterior e interior?<\/p>\n\n\n\n<p>\u00bfCu\u00e1ndo tendremos unificaci\u00f3n de vida en medio del normal caos cotidiano que vivimos?<\/p>\n\n\n\n<p>Se\u00f1or, arr\u00e1iganos en la comuni\u00f3n, en la unidad, en lo esencial\u2026 arr\u00e1iganos en ti, Hijo de Dios.<\/p>\n\n\n\n<p>Se\u00f1or Jes\u00fas, nos preguntas que por qu\u00e9 dudamos.<\/p>\n\n\n\n<p>Nuestra avidez nos devora, nos domina, nos esclaviza.<\/p>\n\n\n\n<p>\u00bfQui\u00e9n nos ense\u00f1a a vivir con austeridad y templanza?<\/p>\n\n\n\n<p>\u00bfCu\u00e1ndo tendremos un coraz\u00f3n pobre en un estilo de vida sencillo?<\/p>\n\n\n\n<p>Se\u00f1or, arr\u00e1iganos en la mansedumbre,<\/p>\n\n\n\n<p>en la ecuanimidad,<\/p>\n\n\n\n<p>en la armon\u00eda\u2026<\/p>\n\n\n\n<p>arr\u00e1iganos en ti,<\/p>\n\n\n\n<p>Hijo de Dios.<\/p>\n\n\n\n<p>\u00a1Se\u00f1or Jes\u00fas, que nuestro coraz\u00f3n se recoja en el tuyo!<\/p>\n\n\n\n<p>\u00a1Se\u00f1or Jes\u00fas, que nuestro coraz\u00f3n se autentifique en el tuyo!<\/p>\n\n\n\n<p>\u00a1Se\u00f1or Jes\u00fas, que nuestro coraz\u00f3n sane en el tuyo!<\/p>\n\n\n\n<p><\/p>\n\n\n\n<p> <p><a href=\"mailto:carmeloampelio@gmail.com\">carmeloampelio@gmail.com<\/a><\/p>   <p><a href=\"https:\/\/raspasdefuego.blogspot.com\/\">https:\/\/raspasdefuego.blogspot.com\/<\/a><\/p> <\/p>\n","protected":false},"excerpt":{"rendered":"<p>Se\u00f1or Jes\u00fas, nos preguntas que por qu\u00e9 dudamos. Se\u00f1or Jes\u00fas, nos preguntas que por qu\u00e9 dudamos. Somos demasiado humanos\u2026 nuestros miedos, tan hondos, nos pesan d\u00eda a d\u00eda. \u00bfQui\u00e9n nos ense\u00f1a a confiar en nosotros y en la realidad? \u00bfCu\u00e1ndo tendremos paz y serenidad que duren y nos sosieguen? Se\u00f1or, arr\u00e1iganos en la fe, arr\u00e1iganos [&hellip;]<\/p>\n","protected":false},"author":2,"featured_media":0,"comment_status":"closed","ping_status":"closed","sticky":false,"template":"","format":"standard","meta":{"footnotes":""},"categories":[156,153,157],"tags":[],"class_list":["post-2791","post","type-post","status-publish","format-standard","hentry","category-oraciones","category-oraciones-lecturas-domingo","category-oraciones-tiempo-ordinario"],"_links":{"self":[{"href":"https:\/\/www.parroquiaclaret.org\/index.php?rest_route=\/wp\/v2\/posts\/2791","targetHints":{"allow":["GET"]}}],"collection":[{"href":"https:\/\/www.parroquiaclaret.org\/index.php?rest_route=\/wp\/v2\/posts"}],"about":[{"href":"https:\/\/www.parroquiaclaret.org\/index.php?rest_route=\/wp\/v2\/types\/post"}],"author":[{"embeddable":true,"href":"https:\/\/www.parroquiaclaret.org\/index.php?rest_route=\/wp\/v2\/users\/2"}],"replies":[{"embeddable":true,"href":"https:\/\/www.parroquiaclaret.org\/index.php?rest_route=%2Fwp%2Fv2%2Fcomments&post=2791"}],"version-history":[{"count":1,"href":"https:\/\/www.parroquiaclaret.org\/index.php?rest_route=\/wp\/v2\/posts\/2791\/revisions"}],"predecessor-version":[{"id":2792,"href":"https:\/\/www.parroquiaclaret.org\/index.php?rest_route=\/wp\/v2\/posts\/2791\/revisions\/2792"}],"wp:attachment":[{"href":"https:\/\/www.parroquiaclaret.org\/index.php?rest_route=%2Fwp%2Fv2%2Fmedia&parent=2791"}],"wp:term":[{"taxonomy":"category","embeddable":true,"href":"https:\/\/www.parroquiaclaret.org\/index.php?rest_route=%2Fwp%2Fv2%2Fcategories&post=2791"},{"taxonomy":"post_tag","embeddable":true,"href":"https:\/\/www.parroquiaclaret.org\/index.php?rest_route=%2Fwp%2Fv2%2Ftags&post=2791"}],"curies":[{"name":"wp","href":"https:\/\/api.w.org\/{rel}","templated":true}]}}