{"id":2782,"date":"2023-07-28T00:30:00","date_gmt":"2023-07-27T22:30:00","guid":{"rendered":"https:\/\/www.parroquiaclaret.org\/?p=2782"},"modified":"2023-07-17T07:47:59","modified_gmt":"2023-07-17T05:47:59","slug":"oracion-inspirada-en-las-lecturas-del-domingo-ciclo-a-tiempo-ordinario-17-30-07-2023","status":"publish","type":"post","link":"https:\/\/www.parroquiaclaret.org\/?p=2782","title":{"rendered":"ORACI\u00d3N INSPIRADA EN LAS LECTURAS DEL DOMINGO. CICLO A. TIEMPO ORDINARIO 17. 30.07.2023"},"content":{"rendered":"\n<p><strong>La prioridad de las prioridades<\/strong><\/p>\n\n\n\n<p>Se\u00f1or Jes\u00fas, T\u00fa, el tesoro inimaginable.<br>Se\u00f1or Jes\u00fas, T\u00fa, la prioridad de prioridades.<br>Se\u00f1or Jes\u00fas, T\u00fa, asombro de un amor.<\/p>\n\n\n\n<p>Se\u00f1or Jes\u00fas, T\u00fa, la estrella polar universal.<br>Se\u00f1or Jes\u00fas, T\u00fa, el sentido de los sentidos.<br>Se\u00f1or Jes\u00fas, T\u00fa, lo esencial de lo esencial.<\/p>\n\n\n\n<p>Se\u00f1or Jes\u00fas, T\u00fa, lo urgente de las urgencias del coraz\u00f3n.<br>Se\u00f1or Jes\u00fas, T\u00fa, fascinaci\u00f3n de las fascinaciones.<br>Se\u00f1or Jes\u00fas, T\u00fa, la verdad de las verdades.<\/p>\n\n\n\n<p>Se\u00f1or Jes\u00fas, T\u00fa, lo importante de las importancias.<br>Se\u00f1or Jes\u00fas, T\u00fa, lo crucial de la vida humana.<br>Se\u00f1or Jes\u00fas, T\u00fa, el fundamento de las biograf\u00edas.<\/p>\n\n\n\n<p>Se\u00f1or Jes\u00fas, T\u00fa, el aliento de los exploradores de la existencia<br>Se\u00f1or Jes\u00fas, T\u00fa, lo sustancial de la vida espiritual.<br>Se\u00f1or Jes\u00fas, T\u00fa, lo indispensable del Reino.<\/p>\n\n\n\n<p>Se\u00f1or Jes\u00fas, T\u00fa, la alegr\u00eda de las alegr\u00edas.<br>Se\u00f1or Jes\u00fas, T\u00fa, el amor sobre todo amor.<br>Se\u00f1or Jes\u00fas, T\u00fa, lo inherente a cualquier valent\u00eda.<\/p>\n\n\n\n<p>Se\u00f1or Jes\u00fas, T\u00fa, la paz del coraz\u00f3n.<br>Se\u00f1or Jes\u00fas, T\u00fa, lo vital de cualquier circunstancia.<br>Se\u00f1or Jes\u00fas, T\u00fa, lo decisivo en el peregrinar.<\/p>\n\n\n\n<p>Se\u00f1or Jes\u00fas, T\u00fa, el agua inagotable.<br>Se\u00f1or Jes\u00fas, T\u00fa, la luz amorosa.<br>Se\u00f1or Jes\u00fas, T\u00fa, la energ\u00eda ben\u00e9fica.<\/p>\n\n\n\n<p>Se\u00f1or Jes\u00fas, T\u00fa, el mapa imborrable.<br>Se\u00f1or Jes\u00fas, T\u00fa, la casa de la felicidad.<br>Se\u00f1or Jes\u00fas, T\u00fa, el hogar de los corazones heridos.<\/p>\n\n\n\n<p>Se\u00f1or Jes\u00fas, T\u00fa, la palabra definitiva.<br>Se\u00f1or Jes\u00fas, T\u00fa, lo principal de la Iglesia.<br>Se\u00f1or Jes\u00fas, T\u00fa, el fundamento del universo.<\/p>\n\n\n\n<p>Se\u00f1or Jes\u00fas, T\u00fa, raz\u00f3n de nuestro existir.<br>Se\u00f1or Jes\u00fas, T\u00fa, vida de la vida nueva.<br>Se\u00f1or Jes\u00fas, T\u00fa, ra\u00edz de la ansiada fraternidad.<\/p>\n\n\n\n<p>Se\u00f1or Jes\u00fas, T\u00fa, fuente de nuestra radical esperanza.<br>Se\u00f1or Jes\u00fas, T\u00fa, entra\u00f1a de nuestra fe.<br>Se\u00f1or Jes\u00fas, T\u00fa, m\u00e9dula de cualquier misericordia.<\/p>\n\n\n\n<p>Se\u00f1or Jes\u00fas, T\u00fa, modelo del cuidado de la vida humana.<br>Se\u00f1or Jes\u00fas, T\u00fa, maravillosa solidaridad de Dios<br>Se\u00f1or Jes\u00fas, T\u00fa, la verdad de Dios y del hombre.<br>Se\u00f1or Jes\u00fas, T\u00fa, el consuelo de nuestros corazones fragmentados.<\/p>\n\n\n\n<p>Se\u00f1or Jes\u00fas, T\u00fa, la primac\u00eda de la salvaci\u00f3n.<br>Se\u00f1or Jes\u00fas, T\u00fa, lo primordial del perd\u00f3n.<br>Se\u00f1or Jes\u00fas, T\u00fa, evangelio de Dios para los sedientos de la aut\u00e9ntica vida.<\/p>\n\n\n\n<p><\/p>\n\n\n\n<p><a href=\"mailto:carmeloampelio@gmail.com\">carmeloampelio@gmail.com<\/a><\/p>\n\n\n\n<p><a href=\"https:\/\/raspasdefuego.blogspot.com\/\">https:\/\/raspasdefuego.blogspot.com\/<\/a><\/p>\n","protected":false},"excerpt":{"rendered":"<p>La prioridad de las prioridades Se\u00f1or Jes\u00fas, T\u00fa, el tesoro inimaginable.Se\u00f1or Jes\u00fas, T\u00fa, la prioridad de prioridades.Se\u00f1or Jes\u00fas, T\u00fa, asombro de un amor. Se\u00f1or Jes\u00fas, T\u00fa, la estrella polar universal.Se\u00f1or Jes\u00fas, T\u00fa, el sentido de los sentidos.Se\u00f1or Jes\u00fas, T\u00fa, lo esencial de lo esencial. Se\u00f1or Jes\u00fas, T\u00fa, lo urgente de las urgencias del coraz\u00f3n.Se\u00f1or Jes\u00fas, [&hellip;]<\/p>\n","protected":false},"author":2,"featured_media":0,"comment_status":"closed","ping_status":"closed","sticky":false,"template":"","format":"standard","meta":{"footnotes":""},"categories":[153,157],"tags":[],"class_list":["post-2782","post","type-post","status-publish","format-standard","hentry","category-oraciones-lecturas-domingo","category-oraciones-tiempo-ordinario"],"_links":{"self":[{"href":"https:\/\/www.parroquiaclaret.org\/index.php?rest_route=\/wp\/v2\/posts\/2782","targetHints":{"allow":["GET"]}}],"collection":[{"href":"https:\/\/www.parroquiaclaret.org\/index.php?rest_route=\/wp\/v2\/posts"}],"about":[{"href":"https:\/\/www.parroquiaclaret.org\/index.php?rest_route=\/wp\/v2\/types\/post"}],"author":[{"embeddable":true,"href":"https:\/\/www.parroquiaclaret.org\/index.php?rest_route=\/wp\/v2\/users\/2"}],"replies":[{"embeddable":true,"href":"https:\/\/www.parroquiaclaret.org\/index.php?rest_route=%2Fwp%2Fv2%2Fcomments&post=2782"}],"version-history":[{"count":1,"href":"https:\/\/www.parroquiaclaret.org\/index.php?rest_route=\/wp\/v2\/posts\/2782\/revisions"}],"predecessor-version":[{"id":2783,"href":"https:\/\/www.parroquiaclaret.org\/index.php?rest_route=\/wp\/v2\/posts\/2782\/revisions\/2783"}],"wp:attachment":[{"href":"https:\/\/www.parroquiaclaret.org\/index.php?rest_route=%2Fwp%2Fv2%2Fmedia&parent=2782"}],"wp:term":[{"taxonomy":"category","embeddable":true,"href":"https:\/\/www.parroquiaclaret.org\/index.php?rest_route=%2Fwp%2Fv2%2Fcategories&post=2782"},{"taxonomy":"post_tag","embeddable":true,"href":"https:\/\/www.parroquiaclaret.org\/index.php?rest_route=%2Fwp%2Fv2%2Ftags&post=2782"}],"curies":[{"name":"wp","href":"https:\/\/api.w.org\/{rel}","templated":true}]}}