{"id":2710,"date":"2023-05-17T20:53:58","date_gmt":"2023-05-17T18:53:58","guid":{"rendered":"https:\/\/www.parroquiaclaret.org\/?p=2710"},"modified":"2023-05-17T21:05:23","modified_gmt":"2023-05-17T19:05:23","slug":"oracion-inspirada-en-las-lecturas-del-domingo-ciclo-a-ascension-14-05-2023","status":"publish","type":"post","link":"https:\/\/www.parroquiaclaret.org\/?p=2710","title":{"rendered":"ORACI\u00d3N INSPIRADA EN LAS LECTURAS DEL DOMINGO. CICLO A. ASCENSI\u00d3N. 21.05.2023"},"content":{"rendered":"\n<p>Se\u00f1or Jes\u00fas, \u00bfqu\u00e9 has visto en nosotros para que nos llames a colaborar en tu misi\u00f3n?<\/p>\n\n\n\n<p>Somos demasiado normales,<br>demasiado hijos de nuestro tiempo:<br>las flaquezas se transparentan en nuestros rostros,<br>a diario nos sentimos bloqueados por nuestras limitaciones y nuestros miedos.<br>Somos medianillos que chapoteamos como podemos en nuestra vida.<\/p>\n\n\n\n<p>Se\u00f1or Jes\u00fas, \u00bfC\u00f3mo darte las gracias por llamarnos?<br>Es la mejor noticia que hemos tenido en nuestra vida.<br>Sabemos que tu presencia es lo que hace que podamos ser significantes en la vida de los dem\u00e1s.<br>\u00a1Qu\u00e9 inmenso regalo el sentirnos colaboradores de las fuerzas de salvaci\u00f3n<br>que dan esperanza en este maltrecho mundo!<\/p>\n\n\n\n<p>Se\u00f1or Jes\u00fas, que no nos olvidemos que eres<br>lo m\u00e1s \u00edntimo de nuestro coraz\u00f3n,<br>lo m\u00e1s fuerte de nuestras fuerzas,<br>la fortaleza de nuestra m\u00e1s \u00edntima convicci\u00f3n.<\/p>\n\n\n\n<p>Si fu\u00e9ramos monjes, dir\u00edamos que T\u00fa eres nuestro monasterio.<br>Pero somos cristianos en medio de las turbulencias de nuestro tiempo.<br>Llena de tu amor los detalles de nuestra normalidad cotidiana.<br>Llena de amor todas y cada una de las relaciones con las que transcurren nuestros d\u00edas.<br>Llena de amor todas las palabras que pronunciemos:<br>que salgan de un coraz\u00f3n sanado por Ti.<\/p>\n\n\n\n<p>Se\u00f1or Jes\u00fas: sabemos que T\u00fa eres la vida de nuestra vida,<br>la palabra de nuestra palabra,<br>el testimonio de nuestro testimonio.<\/p>\n\n\n\n<p>Queremos seguir contigo.<br>\u00bfA qui\u00e9n acudir si no es a Ti?<\/p>\n\n\n\n<p>Se\u00f1or Jes\u00fas: Imp\u00falsanos a\u00fan m\u00e1s.<br>Que seamos m\u00e1s compasivos,<br>que seamos m\u00e1s fraternales,<br>que seamos m\u00e1s solidarios.<\/p>\n\n\n\n<p>Se\u00f1or Jes\u00fas:<br>que no tengamos miedo a sembrar y a proponer lo que realmente hace falta:<br>austeridad inteligente en la construcci\u00f3n de nuestros hogares y nuestras asociaciones,<br>sobriedad compartida en todos nuestros proyectos,<br>inteligencia compasiva en todas nuestras acciones.<\/p>\n\n\n\n<p>Se\u00f1or Jes\u00fas: que no nos alejemos del coraz\u00f3n del mundo<br>que deseamos que sea nuestro coraz\u00f3n,<br>un coraz\u00f3n habitado por Ti,<br>Salvador del mundo.<\/p>\n\n\n\n<p>Se\u00f1or Jes\u00fas: Somos hombres y mujeres de este mundo,<br>camino de la salvaci\u00f3n,<br>misteriosa,<br>total,<br>vital<br>que has iniciado<br>en toda la realidad,<br>en todas las criaturas,<br>en todo lo que alienta vida.<br>Am\u00e9n.<\/p>\n\n\n\n<p><a href=\"mailto:carmeloampelio@gmail.com\">carmeloampelio@gmail.com<\/a><\/p>\n\n\n\n<p><a href=\"https:\/\/raspasdefuego.blogspot.com\/\">https:\/\/raspasdefuego.blogspot.com\/<\/a><\/p>\n","protected":false},"excerpt":{"rendered":"<p>Se\u00f1or Jes\u00fas, \u00bfqu\u00e9 has visto en nosotros para que nos llames a colaborar en tu misi\u00f3n? Somos demasiado normales,demasiado hijos de nuestro tiempo:las flaquezas se transparentan en nuestros rostros,a diario nos sentimos bloqueados por nuestras limitaciones y nuestros miedos.Somos medianillos que chapoteamos como podemos en nuestra vida. Se\u00f1or Jes\u00fas, \u00bfC\u00f3mo darte las gracias por llamarnos?Es [&hellip;]<\/p>\n","protected":false},"author":2,"featured_media":0,"comment_status":"closed","ping_status":"closed","sticky":false,"template":"","format":"standard","meta":{"footnotes":""},"categories":[156,153,155],"tags":[],"class_list":["post-2710","post","type-post","status-publish","format-standard","hentry","category-oraciones","category-oraciones-lecturas-domingo","category-oraciones-tiempo-pascual"],"_links":{"self":[{"href":"https:\/\/www.parroquiaclaret.org\/index.php?rest_route=\/wp\/v2\/posts\/2710","targetHints":{"allow":["GET"]}}],"collection":[{"href":"https:\/\/www.parroquiaclaret.org\/index.php?rest_route=\/wp\/v2\/posts"}],"about":[{"href":"https:\/\/www.parroquiaclaret.org\/index.php?rest_route=\/wp\/v2\/types\/post"}],"author":[{"embeddable":true,"href":"https:\/\/www.parroquiaclaret.org\/index.php?rest_route=\/wp\/v2\/users\/2"}],"replies":[{"embeddable":true,"href":"https:\/\/www.parroquiaclaret.org\/index.php?rest_route=%2Fwp%2Fv2%2Fcomments&post=2710"}],"version-history":[{"count":6,"href":"https:\/\/www.parroquiaclaret.org\/index.php?rest_route=\/wp\/v2\/posts\/2710\/revisions"}],"predecessor-version":[{"id":2716,"href":"https:\/\/www.parroquiaclaret.org\/index.php?rest_route=\/wp\/v2\/posts\/2710\/revisions\/2716"}],"wp:attachment":[{"href":"https:\/\/www.parroquiaclaret.org\/index.php?rest_route=%2Fwp%2Fv2%2Fmedia&parent=2710"}],"wp:term":[{"taxonomy":"category","embeddable":true,"href":"https:\/\/www.parroquiaclaret.org\/index.php?rest_route=%2Fwp%2Fv2%2Fcategories&post=2710"},{"taxonomy":"post_tag","embeddable":true,"href":"https:\/\/www.parroquiaclaret.org\/index.php?rest_route=%2Fwp%2Fv2%2Ftags&post=2710"}],"curies":[{"name":"wp","href":"https:\/\/api.w.org\/{rel}","templated":true}]}}