{"id":2627,"date":"2023-01-26T17:20:39","date_gmt":"2023-01-26T16:20:39","guid":{"rendered":"https:\/\/www.parroquiaclaret.org\/%f0%9f%93%a2-rosario-por-la-familia-y-la-vida-%f0%9f%91%a8%e2%80%8d%f0%9f%91%a9%e2%80%8d%f0%9f%91%a7%e2%80%8d%f0%9f%91%a6"},"modified":"2023-01-26T17:20:39","modified_gmt":"2023-01-26T16:20:39","slug":"%f0%9f%93%a2-rosario-por-la-familia-y-la-vida-%f0%9f%91%a8%e2%80%8d%f0%9f%91%a9%e2%80%8d%f0%9f%91%a7%e2%80%8d%f0%9f%91%a6","status":"publish","type":"post","link":"https:\/\/www.parroquiaclaret.org\/?p=2627","title":{"rendered":"\ud83d\udce2 Rosario por la familia y la vida \ud83d\udc68\u200d\ud83d\udc69\u200d\ud83d\udc67\u200d\ud83d\udc66"},"content":{"rendered":"<div class=\"wp-block-image\">\n<figure class=\"alignleft size-large is-resized\"><a href=\"https:\/\/www.parroquiaclaret.org\/wp-content\/uploads\/2023\/01\/20230128_RosarioFamiliaVida.jpg\"><img loading=\"lazy\" decoding=\"async\" src=\"https:\/\/www.parroquiaclaret.org\/wp-content\/uploads\/2023\/01\/20230128_RosarioFamiliaVida-637x1024.jpg\" alt=\"\" class=\"wp-image-2628\" width=\"175\" height=\"281\" srcset=\"https:\/\/www.parroquiaclaret.org\/wp-content\/uploads\/2023\/01\/20230128_RosarioFamiliaVida-637x1024.jpg 637w, https:\/\/www.parroquiaclaret.org\/wp-content\/uploads\/2023\/01\/20230128_RosarioFamiliaVida-187x300.jpg 187w, https:\/\/www.parroquiaclaret.org\/wp-content\/uploads\/2023\/01\/20230128_RosarioFamiliaVida-768x1235.jpg 768w, https:\/\/www.parroquiaclaret.org\/wp-content\/uploads\/2023\/01\/20230128_RosarioFamiliaVida.jpg 833w\" sizes=\"auto, (max-width: 175px) 100vw, 175px\" \/><\/a><\/figure>\n<\/div>\n\n\n<p>Organiza: <strong>Parroquia Claret<\/strong><br>D\u00eda: <strong>S\u00e1bado 28 de enero<\/strong><br>Hora: <strong>11 de la ma\u00f1ana<\/strong><br>Lugar: <strong>Plaza Coraz\u00f3n de Mar\u00eda (Heli\u00f3polis)<\/strong><\/p>\n\n\n\n<iframe src=\"https:\/\/www.google.com\/maps\/embed?pb=!1m18!1m12!1m3!1d3171.5294489447715!2d-5.986958684694422!3d37.353647379838364!2m3!1f0!2f0!3f0!3m2!1i1024!2i768!4f13.1!3m3!1m2!1s0x0%3A0x94572493522b9cce!2zMzfCsDIxJzEzLjEiTiA1wrA1OScwNS4yIlc!5e0!3m2!1ses!2ses!4v1674749909340!5m2!1ses!2ses\" width=\"600\" height=\"450\" style=\"border:0;\" allowfullscreen=\"\" loading=\"lazy\" referrerpolicy=\"no-referrer-when-downgrade\"><\/iframe>\n","protected":false},"excerpt":{"rendered":"<p>Organiza: Parroquia ClaretD\u00eda: S\u00e1bado 28 de eneroHora: 11 de la ma\u00f1anaLugar: Plaza Coraz\u00f3n de Mar\u00eda (Heli\u00f3polis)<\/p>\n","protected":false},"author":1,"featured_media":0,"comment_status":"closed","ping_status":"closed","sticky":false,"template":"","format":"standard","meta":{"footnotes":""},"categories":[148,83,94],"tags":[],"class_list":["post-2627","post","type-post","status-publish","format-standard","hentry","category-familia","category-rezo-rosario","category-whatsapp"],"_links":{"self":[{"href":"https:\/\/www.parroquiaclaret.org\/index.php?rest_route=\/wp\/v2\/posts\/2627","targetHints":{"allow":["GET"]}}],"collection":[{"href":"https:\/\/www.parroquiaclaret.org\/index.php?rest_route=\/wp\/v2\/posts"}],"about":[{"href":"https:\/\/www.parroquiaclaret.org\/index.php?rest_route=\/wp\/v2\/types\/post"}],"author":[{"embeddable":true,"href":"https:\/\/www.parroquiaclaret.org\/index.php?rest_route=\/wp\/v2\/users\/1"}],"replies":[{"embeddable":true,"href":"https:\/\/www.parroquiaclaret.org\/index.php?rest_route=%2Fwp%2Fv2%2Fcomments&post=2627"}],"version-history":[{"count":1,"href":"https:\/\/www.parroquiaclaret.org\/index.php?rest_route=\/wp\/v2\/posts\/2627\/revisions"}],"predecessor-version":[{"id":2629,"href":"https:\/\/www.parroquiaclaret.org\/index.php?rest_route=\/wp\/v2\/posts\/2627\/revisions\/2629"}],"wp:attachment":[{"href":"https:\/\/www.parroquiaclaret.org\/index.php?rest_route=%2Fwp%2Fv2%2Fmedia&parent=2627"}],"wp:term":[{"taxonomy":"category","embeddable":true,"href":"https:\/\/www.parroquiaclaret.org\/index.php?rest_route=%2Fwp%2Fv2%2Fcategories&post=2627"},{"taxonomy":"post_tag","embeddable":true,"href":"https:\/\/www.parroquiaclaret.org\/index.php?rest_route=%2Fwp%2Fv2%2Ftags&post=2627"}],"curies":[{"name":"wp","href":"https:\/\/api.w.org\/{rel}","templated":true}]}}