{"id":2577,"date":"2022-11-10T16:10:51","date_gmt":"2022-11-10T15:10:51","guid":{"rendered":"https:\/\/www.parroquiaclaret.org\/%f0%9f%93%a2-rosario-por-la-familia-y-la-vida-%f0%9f%91%a8%e2%80%8d%f0%9f%91%a9%e2%80%8d%f0%9f%91%a7%e2%80%8d%f0%9f%91%a6"},"modified":"2022-11-10T16:55:11","modified_gmt":"2022-11-10T15:55:11","slug":"%f0%9f%93%a2-rosario-por-la-familia-y-la-vida-%f0%9f%91%a8%e2%80%8d%f0%9f%91%a9%e2%80%8d%f0%9f%91%a7%e2%80%8d%f0%9f%91%a6","status":"publish","type":"post","link":"https:\/\/www.parroquiaclaret.org\/?p=2577","title":{"rendered":"\ud83d\udce2 Rosario por la familia y la vida \ud83d\udc68\u200d\ud83d\udc69\u200d\ud83d\udc67\u200d\ud83d\udc66"},"content":{"rendered":"\n<p>Viernes 11, a las 18:30, en la Plaza Coraz\u00f3n de Mar\u00eda (Heli\u00f3polis)<\/p>\n\n\n\n<iframe src=\"https:\/\/www.google.com\/maps\/embed?pb=!1m18!1m12!1m3!1d3171.534747103754!2d-5.9870077846944545!3d37.353521979838376!2m3!1f0!2f0!3f0!3m2!1i1024!2i768!4f13.1!3m3!1m2!1s0x0%3A0xb14d5c21bbe209cf!2zMzfCsDIxJzEyLjciTiA1wrA1OScwNS40Ilc!5e0!3m2!1ses!2ses!4v1668092869116!5m2!1ses!2ses\" width=\"600\" height=\"450\" style=\"border:0;\" allowfullscreen=\"\" loading=\"lazy\" referrerpolicy=\"no-referrer-when-downgrade\"><\/iframe>\n","protected":false},"excerpt":{"rendered":"<p>Viernes 11, a las 18:30, en la Plaza Coraz\u00f3n de Mar\u00eda (Heli\u00f3polis)<\/p>\n","protected":false},"author":1,"featured_media":0,"comment_status":"closed","ping_status":"closed","sticky":false,"template":"","format":"standard","meta":{"footnotes":""},"categories":[148,83,94],"tags":[],"class_list":["post-2577","post","type-post","status-publish","format-standard","hentry","category-familia","category-rezo-rosario","category-whatsapp"],"_links":{"self":[{"href":"https:\/\/www.parroquiaclaret.org\/index.php?rest_route=\/wp\/v2\/posts\/2577","targetHints":{"allow":["GET"]}}],"collection":[{"href":"https:\/\/www.parroquiaclaret.org\/index.php?rest_route=\/wp\/v2\/posts"}],"about":[{"href":"https:\/\/www.parroquiaclaret.org\/index.php?rest_route=\/wp\/v2\/types\/post"}],"author":[{"embeddable":true,"href":"https:\/\/www.parroquiaclaret.org\/index.php?rest_route=\/wp\/v2\/users\/1"}],"replies":[{"embeddable":true,"href":"https:\/\/www.parroquiaclaret.org\/index.php?rest_route=%2Fwp%2Fv2%2Fcomments&post=2577"}],"version-history":[{"count":4,"href":"https:\/\/www.parroquiaclaret.org\/index.php?rest_route=\/wp\/v2\/posts\/2577\/revisions"}],"predecessor-version":[{"id":2582,"href":"https:\/\/www.parroquiaclaret.org\/index.php?rest_route=\/wp\/v2\/posts\/2577\/revisions\/2582"}],"wp:attachment":[{"href":"https:\/\/www.parroquiaclaret.org\/index.php?rest_route=%2Fwp%2Fv2%2Fmedia&parent=2577"}],"wp:term":[{"taxonomy":"category","embeddable":true,"href":"https:\/\/www.parroquiaclaret.org\/index.php?rest_route=%2Fwp%2Fv2%2Fcategories&post=2577"},{"taxonomy":"post_tag","embeddable":true,"href":"https:\/\/www.parroquiaclaret.org\/index.php?rest_route=%2Fwp%2Fv2%2Ftags&post=2577"}],"curies":[{"name":"wp","href":"https:\/\/api.w.org\/{rel}","templated":true}]}}