{"id":2473,"date":"2022-06-13T16:27:53","date_gmt":"2022-06-13T14:27:53","guid":{"rendered":"https:\/\/www.parroquiaclaret.org\/%f0%9f%93%a2-informaciones-parroquiales-de-interes-%f0%9f%93%a2"},"modified":"2022-10-10T23:30:05","modified_gmt":"2022-10-10T21:30:05","slug":"%f0%9f%93%a2-informaciones-parroquiales-de-interes-%f0%9f%93%a2","status":"publish","type":"post","link":"https:\/\/www.parroquiaclaret.org\/?p=2473","title":{"rendered":"\ud83d\udce2 Informaciones parroquiales de inter\u00e9s \ud83d\udce2"},"content":{"rendered":"\n<ol class=\"wp-block-list\"><li><strong><strong>Jueves 16 de junio, d\u00eda del Corpus \u2600\ufe0f<\/strong><\/strong><br>Seguimos teniendo la Adoraci\u00f3n del Sant\u00edsimo como todos los jueves del mes de junio, de 19:45 a 20:45 h.<\/li><li><strong>Novena del Coraz\u00f3n de Mar\u00eda<\/strong> \u2764\ufe0f<br>El viernes 17 de junio comienza la Novena del Coraz\u00f3n de Mar\u00eda:<br>&#8211; Rosario y ejercicio de novena a las 20:30 h. (excepto s\u00e1bados y domingos)<br>&#8211; Eucarist\u00eda a las 21 h., predicado por el P. Antonio \u00c1vila cmf.<\/li><li><strong>Rosario por la Familia y la Vida<\/strong> ?\u200d?\u200d?\u200d??<br>El s\u00e1bado 18 de junio en la Barriada Pedro Salvador, a las 10:30, en la Plaza Farmac\u00e9utica Margarita Gonz\u00e1lez (junto a las torres, donde est\u00e1n las canchas de deporte y el parque infantil)<\/li><li><strong>Procesi\u00f3n del Corpus en la Parroquia ??<\/strong><br>El domingo 19, a las 10:30, y se recoger\u00e1 para la misa de 12:30.<br>Se suprime la misa de 11:30 ese d\u00eda.<\/li><\/ol>\n\n\n<div class=\"wp-block-image is-style-default\">\n<figure class=\"aligncenter\"><a href=\"https:\/\/www.parroquiaclaret.org\/?cat=94\" rel=\"attachment wp-att-1446\"><img loading=\"lazy\" decoding=\"async\" width=\"48\" height=\"48\" src=\"https:\/\/www.parroquiaclaret.org\/wp-content\/uploads\/2020\/03\/Whatsapp-icon_48x48.png\" alt=\"\" class=\"wp-image-1446\"\/><\/a><\/figure>\n<\/div>","protected":false},"excerpt":{"rendered":"<p>Jueves 16 de junio, d\u00eda del Corpus \u2600\ufe0fSeguimos teniendo la Adoraci\u00f3n del Sant\u00edsimo como todos los jueves del mes de junio, de 19:45 a 20:45 h. Novena del Coraz\u00f3n de Mar\u00eda \u2764\ufe0fEl viernes 17 de junio comienza la Novena del Coraz\u00f3n de Mar\u00eda:&#8211; Rosario y ejercicio de novena a las 20:30 h. (excepto s\u00e1bados y [&hellip;]<\/p>\n","protected":false},"author":1,"featured_media":0,"comment_status":"closed","ping_status":"closed","sticky":false,"template":"","format":"standard","meta":{"footnotes":""},"categories":[45,115,114,83,94],"tags":[],"class_list":["post-2473","post","type-post","status-publish","format-standard","hentry","category-corpus-christi","category-inmaculado-corazon-de-maria","category-novena","category-rezo-rosario","category-whatsapp"],"_links":{"self":[{"href":"https:\/\/www.parroquiaclaret.org\/index.php?rest_route=\/wp\/v2\/posts\/2473","targetHints":{"allow":["GET"]}}],"collection":[{"href":"https:\/\/www.parroquiaclaret.org\/index.php?rest_route=\/wp\/v2\/posts"}],"about":[{"href":"https:\/\/www.parroquiaclaret.org\/index.php?rest_route=\/wp\/v2\/types\/post"}],"author":[{"embeddable":true,"href":"https:\/\/www.parroquiaclaret.org\/index.php?rest_route=\/wp\/v2\/users\/1"}],"replies":[{"embeddable":true,"href":"https:\/\/www.parroquiaclaret.org\/index.php?rest_route=%2Fwp%2Fv2%2Fcomments&post=2473"}],"version-history":[{"count":8,"href":"https:\/\/www.parroquiaclaret.org\/index.php?rest_route=\/wp\/v2\/posts\/2473\/revisions"}],"predecessor-version":[{"id":2555,"href":"https:\/\/www.parroquiaclaret.org\/index.php?rest_route=\/wp\/v2\/posts\/2473\/revisions\/2555"}],"wp:attachment":[{"href":"https:\/\/www.parroquiaclaret.org\/index.php?rest_route=%2Fwp%2Fv2%2Fmedia&parent=2473"}],"wp:term":[{"taxonomy":"category","embeddable":true,"href":"https:\/\/www.parroquiaclaret.org\/index.php?rest_route=%2Fwp%2Fv2%2Fcategories&post=2473"},{"taxonomy":"post_tag","embeddable":true,"href":"https:\/\/www.parroquiaclaret.org\/index.php?rest_route=%2Fwp%2Fv2%2Ftags&post=2473"}],"curies":[{"name":"wp","href":"https:\/\/api.w.org\/{rel}","templated":true}]}}