{"id":2349,"date":"2021-11-04T16:03:54","date_gmt":"2021-11-04T15:03:54","guid":{"rendered":"https:\/\/www.parroquiaclaret.org\/informaciones-parroquiales-de-interes-04-11-2021-%f0%9f%93%a2"},"modified":"2022-10-10T23:32:03","modified_gmt":"2022-10-10T21:32:03","slug":"informaciones-parroquiales-de-interes-04-11-2021-%f0%9f%93%a2","status":"publish","type":"post","link":"https:\/\/www.parroquiaclaret.org\/?p=2349","title":{"rendered":"Informaciones parroquiales de inter\u00e9s 04-11-2021 \ud83d\udce2"},"content":{"rendered":"<ol>\n<li>Rosario por la Familia y la Vida. ?\u200d?\u200d?\u200d?<br \/>\nEl viernes 5 de noviembre, a las 17 h., se tendr\u00e1 un rosario por la Familia y la Vida en la Plaza Coraz\u00f3n de Mar\u00eda de Heli\u00f3polis.<\/li>\n<li>Encuentro de Matrimonios. ?\u200d\u2764\ufe0f\u200d?<br \/>\nEl viernes 5 de noviembre, a las 20 h., se tendr\u00e1 un encuentro con Matrimonios en los salones parroquiales (Ver el cartel que se adjunta).<\/li>\n<li>D\u00eda de la Iglesia Diocesana.\u26ea<br \/>\nEl d\u00eda de la Iglesia Diocesana ser\u00e1 el pr\u00f3ximo domingo 7 de noviembre.<\/li>\n<li>Catequesis de Confirmaci\u00f3n de Adultos. ?<br \/>\nComienzan el pr\u00f3ximo lunes 8, de 20 a 21 h., en los salones parroquiales. Las catequesis se desarrollar\u00e1n en lunes alternos (cada 15 d\u00edas) hasta la Confirmaci\u00f3n en nuestra Parroquia para el mes de mayo.<br \/>\nQui\u00e9n desee inscribirse lo puede hacer comunic\u00e1ndolo en Secretar\u00eda de lunes a viernes, de 18:30 a 21 h., o present\u00e1ndose el mismo d\u00eda de comienzo de las catequesis.<\/li>\n<\/ol>\n<h6><a href=\"https:\/\/www.parroquiaclaret.org\/?cat=94\" rel=\"attachment wp-att-1446\"><img loading=\"lazy\" decoding=\"async\" class=\"wp-image-1446 size-full aligncenter\" src=\"https:\/\/www.parroquiaclaret.org\/wp-content\/uploads\/2020\/03\/Whatsapp-icon_48x48.png\" alt=\"\" width=\"48\" height=\"48\" \/><\/a><\/h6>\n<p>&nbsp;<\/p>\n","protected":false},"excerpt":{"rendered":"<p>Rosario por la Familia y la Vida. ?\u200d?\u200d?\u200d? El viernes 5 de noviembre, a las 17 h., se tendr\u00e1 un rosario por la Familia y la Vida en la Plaza Coraz\u00f3n de Mar\u00eda de Heli\u00f3polis. Encuentro de Matrimonios. ?\u200d\u2764\ufe0f\u200d? El viernes 5 de noviembre, a las 20 h., se tendr\u00e1 un encuentro con Matrimonios en [&hellip;]<\/p>\n","protected":false},"author":1,"featured_media":0,"comment_status":"closed","ping_status":"closed","sticky":false,"template":"","format":"standard","meta":{"footnotes":""},"categories":[39,64,138,1,83,94],"tags":[],"class_list":["post-2349","post","type-post","status-publish","format-standard","hentry","category-confirmacion","category-encuentro","category-iglesia-dicocesana","category-matrimonio","category-rezo-rosario","category-whatsapp"],"_links":{"self":[{"href":"https:\/\/www.parroquiaclaret.org\/index.php?rest_route=\/wp\/v2\/posts\/2349","targetHints":{"allow":["GET"]}}],"collection":[{"href":"https:\/\/www.parroquiaclaret.org\/index.php?rest_route=\/wp\/v2\/posts"}],"about":[{"href":"https:\/\/www.parroquiaclaret.org\/index.php?rest_route=\/wp\/v2\/types\/post"}],"author":[{"embeddable":true,"href":"https:\/\/www.parroquiaclaret.org\/index.php?rest_route=\/wp\/v2\/users\/1"}],"replies":[{"embeddable":true,"href":"https:\/\/www.parroquiaclaret.org\/index.php?rest_route=%2Fwp%2Fv2%2Fcomments&post=2349"}],"version-history":[{"count":4,"href":"https:\/\/www.parroquiaclaret.org\/index.php?rest_route=\/wp\/v2\/posts\/2349\/revisions"}],"predecessor-version":[{"id":2563,"href":"https:\/\/www.parroquiaclaret.org\/index.php?rest_route=\/wp\/v2\/posts\/2349\/revisions\/2563"}],"wp:attachment":[{"href":"https:\/\/www.parroquiaclaret.org\/index.php?rest_route=%2Fwp%2Fv2%2Fmedia&parent=2349"}],"wp:term":[{"taxonomy":"category","embeddable":true,"href":"https:\/\/www.parroquiaclaret.org\/index.php?rest_route=%2Fwp%2Fv2%2Fcategories&post=2349"},{"taxonomy":"post_tag","embeddable":true,"href":"https:\/\/www.parroquiaclaret.org\/index.php?rest_route=%2Fwp%2Fv2%2Ftags&post=2349"}],"curies":[{"name":"wp","href":"https:\/\/api.w.org\/{rel}","templated":true}]}}