{"id":2336,"date":"2021-09-30T16:01:50","date_gmt":"2021-09-30T14:01:50","guid":{"rendered":"https:\/\/www.parroquiaclaret.org\/caritas-diocesana-vigilia-de-oracion-y-concentracion"},"modified":"2021-09-30T16:32:37","modified_gmt":"2021-09-30T14:32:37","slug":"caritas-diocesana-vigilia-de-oracion-y-concentracion","status":"publish","type":"post","link":"https:\/\/www.parroquiaclaret.org\/?p=2336","title":{"rendered":"C\u00e1ritas Diocesana: Vigilia de Oraci\u00f3n y Concentraci\u00f3n"},"content":{"rendered":"<p><a href=\"https:\/\/www.parroquiaclaret.org\/?attachment_id=2341\" rel=\"attachment wp-att-2341\"><img loading=\"lazy\" decoding=\"async\" class=\"alignleft size-medium wp-image-2341\" src=\"https:\/\/www.parroquiaclaret.org\/wp-content\/uploads\/2021\/09\/20211008_VigiliaOracionConcentracion-213x300.png\" alt=\"\" width=\"213\" height=\"300\" srcset=\"https:\/\/www.parroquiaclaret.org\/wp-content\/uploads\/2021\/09\/20211008_VigiliaOracionConcentracion-213x300.png 213w, https:\/\/www.parroquiaclaret.org\/wp-content\/uploads\/2021\/09\/20211008_VigiliaOracionConcentracion-727x1024.png 727w, https:\/\/www.parroquiaclaret.org\/wp-content\/uploads\/2021\/09\/20211008_VigiliaOracionConcentracion-768x1082.png 768w, https:\/\/www.parroquiaclaret.org\/wp-content\/uploads\/2021\/09\/20211008_VigiliaOracionConcentracion-1091x1536.png 1091w, https:\/\/www.parroquiaclaret.org\/wp-content\/uploads\/2021\/09\/20211008_VigiliaOracionConcentracion.png 1197w\" sizes=\"auto, (max-width: 213px) 100vw, 213px\" \/><\/a><br \/>\nEstimados amigos y amigas. El pr\u00f3ximo d\u00eda 7 de octubre la Iglesia universal celebra la Jornada Mundial por el Trabajo decente. Desde la Acci\u00f3n Conjunta contra el paro, de la que C\u00e1ritas forma parte, queremos seguir con nuestra labor de concienciaci\u00f3n y denuncia ante la situaci\u00f3n injusta que contin\u00faan viviendo muchos hermanos nuestros, interpelando a la comunidad cristiana y a la sociedad en general con distintos actos y encuentros.<\/p>\n<p>Con este motivo y bajo el lema de la campa\u00f1a Contra el paro y la pobreza \u00a1trabajo decente! como Dios quiere vamos a celebrar el VIERNES 8 DE OCTUBRE A LAS 19,30 horas una vigilia de oraci\u00f3n en la Parroquia de San Felipe Neri en Av. de Pino Montano, 21C de Sevilla.<\/p>\n<p>Posteriormente, en la calle, haremos una concentraci\u00f3n para expresar desde la fe nuestro rechazo a la creciente precarizaci\u00f3n y nuestro compromiso en la defensa de un trabajo digno que ponga en el centro a la persona frente al capital.<\/p>\n<p>Adjuntamos un nuevo c\u00f3mic con el que continuar la reflexi\u00f3n y realizar una lectura creyente de la realidad del paro y el trabajo precario, en esta ocasi\u00f3n el de las personas migrantes.<\/p>\n<p>Os animamos a que particip\u00e9is en esta Jornada, y que invit\u00e9is a todas aquellas personas de vuestra comunidad, movimiento, delegaci\u00f3n, que compartan este compromiso de lucha y de defensa de un trabajo digno.<\/p>\n<p>Un cordial saludo<\/p>\n<p><a href=\"https:\/\/www.parroquiaclaret.org\/?attachment_id=2344\" rel=\"attachment wp-att-2344\"><img loading=\"lazy\" decoding=\"async\" class=\"size-medium wp-image-2344 aligncenter\" src=\"https:\/\/www.parroquiaclaret.org\/wp-content\/uploads\/2021\/09\/20211008_VigiliaOracionConcentracionComic-212x300.jpg\" alt=\"\" width=\"212\" height=\"300\" srcset=\"https:\/\/www.parroquiaclaret.org\/wp-content\/uploads\/2021\/09\/20211008_VigiliaOracionConcentracionComic-212x300.jpg 212w, https:\/\/www.parroquiaclaret.org\/wp-content\/uploads\/2021\/09\/20211008_VigiliaOracionConcentracionComic-724x1024.jpg 724w, https:\/\/www.parroquiaclaret.org\/wp-content\/uploads\/2021\/09\/20211008_VigiliaOracionConcentracionComic-768x1086.jpg 768w, https:\/\/www.parroquiaclaret.org\/wp-content\/uploads\/2021\/09\/20211008_VigiliaOracionConcentracionComic-1086x1536.jpg 1086w, https:\/\/www.parroquiaclaret.org\/wp-content\/uploads\/2021\/09\/20211008_VigiliaOracionConcentracionComic-1448x2048.jpg 1448w, https:\/\/www.parroquiaclaret.org\/wp-content\/uploads\/2021\/09\/20211008_VigiliaOracionConcentracionComic-scaled.jpg 1810w\" sizes=\"auto, (max-width: 212px) 100vw, 212px\" \/><\/a><\/p>\n<p>Departamento de Comunicaci\u00f3n y Sensibilizaci\u00f3n.<br \/>\nC\u00e1ritas Diocesana de Sevilla.<br \/>\nPlaza de San Mart\u00edn de Porres, 7. 41010-SEVILLA (ESPA\u00d1A)<br \/>\nTEL\u00c9FONO: 954 34 71 84 | FAX: 954 34 41 69\u00a0<img loading=\"lazy\" decoding=\"async\" class=\"size-full wp-image-2343 aligncenter\" src=\"https:\/\/www.parroquiaclaret.org\/wp-content\/uploads\/2021\/09\/20211008_VigiliaOracionConcentracionPie.png\" alt=\"\" width=\"300\" height=\"116\" \/><\/p>\n","protected":false},"excerpt":{"rendered":"<p>Estimados amigos y amigas. El pr\u00f3ximo d\u00eda 7 de octubre la Iglesia universal celebra la Jornada Mundial por el Trabajo decente. Desde la Acci\u00f3n Conjunta contra el paro, de la que C\u00e1ritas forma parte, queremos seguir con nuestra labor de concienciaci\u00f3n y denuncia ante la situaci\u00f3n injusta que contin\u00faan viviendo muchos hermanos nuestros, interpelando a [&hellip;]<\/p>\n","protected":false},"author":1,"featured_media":0,"comment_status":"closed","ping_status":"closed","sticky":false,"template":"","format":"standard","meta":{"footnotes":""},"categories":[97],"tags":[],"class_list":["post-2336","post","type-post","status-publish","format-standard","hentry","category-caritas-diocesana"],"_links":{"self":[{"href":"https:\/\/www.parroquiaclaret.org\/index.php?rest_route=\/wp\/v2\/posts\/2336","targetHints":{"allow":["GET"]}}],"collection":[{"href":"https:\/\/www.parroquiaclaret.org\/index.php?rest_route=\/wp\/v2\/posts"}],"about":[{"href":"https:\/\/www.parroquiaclaret.org\/index.php?rest_route=\/wp\/v2\/types\/post"}],"author":[{"embeddable":true,"href":"https:\/\/www.parroquiaclaret.org\/index.php?rest_route=\/wp\/v2\/users\/1"}],"replies":[{"embeddable":true,"href":"https:\/\/www.parroquiaclaret.org\/index.php?rest_route=%2Fwp%2Fv2%2Fcomments&post=2336"}],"version-history":[{"count":7,"href":"https:\/\/www.parroquiaclaret.org\/index.php?rest_route=\/wp\/v2\/posts\/2336\/revisions"}],"predecessor-version":[{"id":2346,"href":"https:\/\/www.parroquiaclaret.org\/index.php?rest_route=\/wp\/v2\/posts\/2336\/revisions\/2346"}],"wp:attachment":[{"href":"https:\/\/www.parroquiaclaret.org\/index.php?rest_route=%2Fwp%2Fv2%2Fmedia&parent=2336"}],"wp:term":[{"taxonomy":"category","embeddable":true,"href":"https:\/\/www.parroquiaclaret.org\/index.php?rest_route=%2Fwp%2Fv2%2Fcategories&post=2336"},{"taxonomy":"post_tag","embeddable":true,"href":"https:\/\/www.parroquiaclaret.org\/index.php?rest_route=%2Fwp%2Fv2%2Ftags&post=2336"}],"curies":[{"name":"wp","href":"https:\/\/api.w.org\/{rel}","templated":true}]}}