{"id":2171,"date":"2021-04-03T15:54:40","date_gmt":"2021-04-03T13:54:40","guid":{"rendered":"https:\/\/www.parroquiaclaret.org\/via-crucis-multimedia-2-021-7a-estacion-mors-mortem-superavit"},"modified":"2021-04-03T15:54:45","modified_gmt":"2021-04-03T13:54:45","slug":"via-crucis-multimedia-2-021-7a-estacion-mors-mortem-superavit","status":"publish","type":"post","link":"https:\/\/www.parroquiaclaret.org\/?p=2171","title":{"rendered":"V\u00eda Crucis Multimedia 2.021. 7\u00aa Estaci\u00f3n: \u00abMors Mortem Superavit\u00bb"},"content":{"rendered":"<p style=\"text-align: center;\"><iframe loading=\"lazy\" width=\"560\" height=\"315\" src=\"https:\/\/www.youtube.com\/embed\/tXuAe4axm5Q\" title=\"YouTube video player\" frameborder=\"0\" allow=\"accelerometer; autoplay; clipboard-write; encrypted-media; gyroscope; picture-in-picture\" allowfullscreen><\/iframe><br \/>\n(Cortes\u00eda de \u00c1ngel Jim\u00e9nez P\u00e9rez)<\/p>\n","protected":false},"excerpt":{"rendered":"<p>(Cortes\u00eda de \u00c1ngel Jim\u00e9nez P\u00e9rez)<\/p>\n","protected":false},"author":1,"featured_media":0,"comment_status":"closed","ping_status":"closed","sticky":false,"template":"","format":"standard","meta":{"footnotes":""},"categories":[129,25,118],"tags":[],"class_list":["post-2171","post","type-post","status-publish","format-standard","hentry","category-pastoral-juvenil","category-viacrucis","category-video"],"_links":{"self":[{"href":"https:\/\/www.parroquiaclaret.org\/index.php?rest_route=\/wp\/v2\/posts\/2171","targetHints":{"allow":["GET"]}}],"collection":[{"href":"https:\/\/www.parroquiaclaret.org\/index.php?rest_route=\/wp\/v2\/posts"}],"about":[{"href":"https:\/\/www.parroquiaclaret.org\/index.php?rest_route=\/wp\/v2\/types\/post"}],"author":[{"embeddable":true,"href":"https:\/\/www.parroquiaclaret.org\/index.php?rest_route=\/wp\/v2\/users\/1"}],"replies":[{"embeddable":true,"href":"https:\/\/www.parroquiaclaret.org\/index.php?rest_route=%2Fwp%2Fv2%2Fcomments&post=2171"}],"version-history":[{"count":1,"href":"https:\/\/www.parroquiaclaret.org\/index.php?rest_route=\/wp\/v2\/posts\/2171\/revisions"}],"predecessor-version":[{"id":2172,"href":"https:\/\/www.parroquiaclaret.org\/index.php?rest_route=\/wp\/v2\/posts\/2171\/revisions\/2172"}],"wp:attachment":[{"href":"https:\/\/www.parroquiaclaret.org\/index.php?rest_route=%2Fwp%2Fv2%2Fmedia&parent=2171"}],"wp:term":[{"taxonomy":"category","embeddable":true,"href":"https:\/\/www.parroquiaclaret.org\/index.php?rest_route=%2Fwp%2Fv2%2Fcategories&post=2171"},{"taxonomy":"post_tag","embeddable":true,"href":"https:\/\/www.parroquiaclaret.org\/index.php?rest_route=%2Fwp%2Fv2%2Ftags&post=2171"}],"curies":[{"name":"wp","href":"https:\/\/api.w.org\/{rel}","templated":true}]}}