{"id":2158,"date":"2021-03-31T16:50:06","date_gmt":"2021-03-31T14:50:06","guid":{"rendered":"https:\/\/www.parroquiaclaret.org\/via-crucis-multimedia-2-021-4a-estacion-pero-pesaban-demasiado"},"modified":"2021-03-31T16:50:12","modified_gmt":"2021-03-31T14:50:12","slug":"via-crucis-multimedia-2-021-4a-estacion-pero-pesaban-demasiado","status":"publish","type":"post","link":"https:\/\/www.parroquiaclaret.org\/?p=2158","title":{"rendered":"V\u00eda Crucis Multimedia 2.021. 4\u00aa Estaci\u00f3n: \u00ab&#8230;pero pesaban demasiado\u00bb"},"content":{"rendered":"<p style=\"text-align: center;\"><iframe loading=\"lazy\" width=\"560\" height=\"315\" src=\"https:\/\/www.youtube.com\/embed\/7Fd_FmttlXM\" title=\"YouTube video player\" frameborder=\"0\" allow=\"accelerometer; autoplay; clipboard-write; encrypted-media; gyroscope; picture-in-picture\" allowfullscreen><\/iframe><br \/>\n(Cortes\u00eda de \u00c1ngel Jim\u00e9nez P\u00e9rez)<\/p>\n","protected":false},"excerpt":{"rendered":"<p>(Cortes\u00eda de \u00c1ngel Jim\u00e9nez P\u00e9rez)<\/p>\n","protected":false},"author":1,"featured_media":0,"comment_status":"closed","ping_status":"closed","sticky":false,"template":"","format":"standard","meta":{"footnotes":""},"categories":[129,25,118],"tags":[],"class_list":["post-2158","post","type-post","status-publish","format-standard","hentry","category-pastoral-juvenil","category-viacrucis","category-video"],"_links":{"self":[{"href":"https:\/\/www.parroquiaclaret.org\/index.php?rest_route=\/wp\/v2\/posts\/2158","targetHints":{"allow":["GET"]}}],"collection":[{"href":"https:\/\/www.parroquiaclaret.org\/index.php?rest_route=\/wp\/v2\/posts"}],"about":[{"href":"https:\/\/www.parroquiaclaret.org\/index.php?rest_route=\/wp\/v2\/types\/post"}],"author":[{"embeddable":true,"href":"https:\/\/www.parroquiaclaret.org\/index.php?rest_route=\/wp\/v2\/users\/1"}],"replies":[{"embeddable":true,"href":"https:\/\/www.parroquiaclaret.org\/index.php?rest_route=%2Fwp%2Fv2%2Fcomments&post=2158"}],"version-history":[{"count":1,"href":"https:\/\/www.parroquiaclaret.org\/index.php?rest_route=\/wp\/v2\/posts\/2158\/revisions"}],"predecessor-version":[{"id":2159,"href":"https:\/\/www.parroquiaclaret.org\/index.php?rest_route=\/wp\/v2\/posts\/2158\/revisions\/2159"}],"wp:attachment":[{"href":"https:\/\/www.parroquiaclaret.org\/index.php?rest_route=%2Fwp%2Fv2%2Fmedia&parent=2158"}],"wp:term":[{"taxonomy":"category","embeddable":true,"href":"https:\/\/www.parroquiaclaret.org\/index.php?rest_route=%2Fwp%2Fv2%2Fcategories&post=2158"},{"taxonomy":"post_tag","embeddable":true,"href":"https:\/\/www.parroquiaclaret.org\/index.php?rest_route=%2Fwp%2Fv2%2Ftags&post=2158"}],"curies":[{"name":"wp","href":"https:\/\/api.w.org\/{rel}","templated":true}]}}