{"id":2130,"date":"2021-02-25T16:47:06","date_gmt":"2021-02-25T15:47:06","guid":{"rendered":"https:\/\/www.parroquiaclaret.org\/retiro-parroquial-de-cuaresma-2021"},"modified":"2021-02-25T16:48:16","modified_gmt":"2021-02-25T15:48:16","slug":"retiro-parroquial-de-cuaresma-2021","status":"publish","type":"post","link":"https:\/\/www.parroquiaclaret.org\/?p=2130","title":{"rendered":"Retiro parroquial de Cuaresma 2021"},"content":{"rendered":"<p>? RETIRO PARROQUIAL DE CUARESMA<\/p>\n<p>? D\u00eda: S\u00e1bado, 27 de febrero.<br \/>\n? Duraci\u00f3n: De 9 (con la misa) a 13:45 h.<br \/>\n\u26ea Lugar: La Iglesia y todas las dependencias parroquiales.<br \/>\n? Tema: Las enfermedades espirituales y su terapia.<br \/>\n? Dirige: P. Juan Antonio Lamarca Carrasco (p\u00e1rroco)<br \/>\n? Durante toda la ma\u00f1ana hasta su finalizaci\u00f3n habr\u00e1 exposici\u00f3n del Sant\u00edsimo.<\/p>\n<p><a href=\"https:\/\/www.parroquiaclaret.org\/?cat=94\" rel=\"attachment wp-att-1446\"><img loading=\"lazy\" decoding=\"async\" class=\"wp-image-1446 size-full alignleft\" src=\"https:\/\/www.parroquiaclaret.org\/wp-content\/uploads\/2020\/03\/Whatsapp-icon_48x48.png\" alt=\"\" width=\"48\" height=\"48\" \/><\/a><\/p>\n<p>&nbsp;<\/p>\n","protected":false},"excerpt":{"rendered":"<p>? RETIRO PARROQUIAL DE CUARESMA ? D\u00eda: S\u00e1bado, 27 de febrero. ? Duraci\u00f3n: De 9 (con la misa) a 13:45 h. \u26ea Lugar: La Iglesia y todas las dependencias parroquiales. ? Tema: Las enfermedades espirituales y su terapia. ? Dirige: P. Juan Antonio Lamarca Carrasco (p\u00e1rroco) ? Durante toda la ma\u00f1ana hasta su finalizaci\u00f3n habr\u00e1 [&hellip;]<\/p>\n","protected":false},"author":1,"featured_media":0,"comment_status":"closed","ping_status":"closed","sticky":false,"template":"","format":"standard","meta":{"footnotes":""},"categories":[3,126,94],"tags":[],"class_list":["post-2130","post","type-post","status-publish","format-standard","hentry","category-cuaresma","category-retiro","category-whatsapp"],"_links":{"self":[{"href":"https:\/\/www.parroquiaclaret.org\/index.php?rest_route=\/wp\/v2\/posts\/2130","targetHints":{"allow":["GET"]}}],"collection":[{"href":"https:\/\/www.parroquiaclaret.org\/index.php?rest_route=\/wp\/v2\/posts"}],"about":[{"href":"https:\/\/www.parroquiaclaret.org\/index.php?rest_route=\/wp\/v2\/types\/post"}],"author":[{"embeddable":true,"href":"https:\/\/www.parroquiaclaret.org\/index.php?rest_route=\/wp\/v2\/users\/1"}],"replies":[{"embeddable":true,"href":"https:\/\/www.parroquiaclaret.org\/index.php?rest_route=%2Fwp%2Fv2%2Fcomments&post=2130"}],"version-history":[{"count":2,"href":"https:\/\/www.parroquiaclaret.org\/index.php?rest_route=\/wp\/v2\/posts\/2130\/revisions"}],"predecessor-version":[{"id":2132,"href":"https:\/\/www.parroquiaclaret.org\/index.php?rest_route=\/wp\/v2\/posts\/2130\/revisions\/2132"}],"wp:attachment":[{"href":"https:\/\/www.parroquiaclaret.org\/index.php?rest_route=%2Fwp%2Fv2%2Fmedia&parent=2130"}],"wp:term":[{"taxonomy":"category","embeddable":true,"href":"https:\/\/www.parroquiaclaret.org\/index.php?rest_route=%2Fwp%2Fv2%2Fcategories&post=2130"},{"taxonomy":"post_tag","embeddable":true,"href":"https:\/\/www.parroquiaclaret.org\/index.php?rest_route=%2Fwp%2Fv2%2Ftags&post=2130"}],"curies":[{"name":"wp","href":"https:\/\/api.w.org\/{rel}","templated":true}]}}