{"id":2107,"date":"2021-01-23T22:13:59","date_gmt":"2021-01-23T21:13:59","guid":{"rendered":"https:\/\/www.parroquiaclaret.org\/las-familias-del-colegio-claret-cerca-de-quienes-mas-lo-necesitan"},"modified":"2021-01-23T22:15:47","modified_gmt":"2021-01-23T21:15:47","slug":"las-familias-del-colegio-claret-cerca-de-quienes-mas-lo-necesitan","status":"publish","type":"post","link":"https:\/\/www.parroquiaclaret.org\/?p=2107","title":{"rendered":"Las familias del Colegio Claret cerca de quienes m\u00e1s lo necesitan"},"content":{"rendered":"<p><a href=\"https:\/\/www.parroquiaclaret.org\/?attachment_id=2109\" rel=\"attachment wp-att-2109\"><img loading=\"lazy\" decoding=\"async\" class=\"alignleft wp-image-2109 size-medium\" src=\"https:\/\/www.parroquiaclaret.org\/wp-content\/uploads\/2021\/01\/20210123_Las-familias-del-Colegio-Claret-cerca-de-quienes-mas-lo-necesitan-300x147.jpg\" alt=\"\" width=\"300\" height=\"147\" srcset=\"https:\/\/www.parroquiaclaret.org\/wp-content\/uploads\/2021\/01\/20210123_Las-familias-del-Colegio-Claret-cerca-de-quienes-mas-lo-necesitan-300x147.jpg 300w, https:\/\/www.parroquiaclaret.org\/wp-content\/uploads\/2021\/01\/20210123_Las-familias-del-Colegio-Claret-cerca-de-quienes-mas-lo-necesitan-1024x500.jpg 1024w, https:\/\/www.parroquiaclaret.org\/wp-content\/uploads\/2021\/01\/20210123_Las-familias-del-Colegio-Claret-cerca-de-quienes-mas-lo-necesitan-768x375.jpg 768w, https:\/\/www.parroquiaclaret.org\/wp-content\/uploads\/2021\/01\/20210123_Las-familias-del-Colegio-Claret-cerca-de-quienes-mas-lo-necesitan.jpg 1200w\" sizes=\"auto, (max-width: 300px) 100vw, 300px\" \/><\/a>El pasado mes de diciembre se puso en marcha la campa\u00f1a de Navidad que todos los a\u00f1os realiza el Colegio Claret para colaborar con alguna instituci\u00f3n que destinara sus recursos a las personas m\u00e1s necesitadas. La labor que realiza C\u00e1ritas Diocesana fue lo que les llev\u00f3 a contactar con la instituci\u00f3n.<\/p>\n<p>Dada la situaci\u00f3n sanitaria y la crisis social que esta ha provocado, quisieron desde un principio hacerse cercanos a las familias que peor lo estaban pasando. Con esta intenci\u00f3n, iniciaron desde la pastoral del colegio, una llamada a trav\u00e9s de su alumnado a realizar un gesto de solidaridad que hiciera m\u00e1s llevadero estos momentos tan complicados por los que atraviesan miles de personas.<\/p>\n<p>As\u00ed, repartieron un d\u00edptico por alumno que mostraba a Jes\u00fas reci\u00e9n nacido y en el que se pod\u00eda leer la cita \u201c&#8230;lo envolvi\u00f3 en pa\u00f1ales y lo acost\u00f3 en un pesebre porque no hab\u00eda sitio para ellos en la posada\u201d. Con este vers\u00edculo animaban a no cerrar las puertas y daban la posibilidad de hacerse cercano con los que sufren colaborando con los gastos rutinarios de una casa, pudiendo elegir personalmente, de forma simb\u00f3lica, aquellos en los que quer\u00eda prestar su ayuda: en medicamentos, gastos de la vivienda (alquiler, la hipoteca, la luz o el agua), ropa o alimentaci\u00f3n.<\/p>\n<p>Cada alumno propuso a su familia participar de forma activa con la propuesta y el resultado no ha podido ser mejor.<\/p>\n<p>Entre todos han conseguido donar a C\u00e1ritas Diocesana un total de 10.000 euros. Una cantidad que ir\u00e1 destinada a cubrir las necesidades de las distintas demandas que recibimos a diario y que permite adaptarse a la realidad de cada persona.<\/p>\n<p>Desde C\u00e1ritas Diocesana agradecemos este gran gesto de solidaridad, fruto de peque\u00f1os gestos que consiguen, finalmente, hacer de este mundo un sitio mejor.<\/p>\n<p>#CadaGestoCuenta<\/p>\n<p>#MasCercaqueNunca<\/p>\n<p><a href=\"https:\/\/www.caritas-sevilla.org\/nuestrasnoticias\/item\/2881-las-familias-del-colegio-claret-cerca-de-quienes-mas-lo-necesitan\">https:\/\/www.caritas-sevilla.org\/nuestrasnoticias\/item\/2881-las-familias-del-colegio-claret-cerca-de-quienes-mas-lo-necesitan<\/a><\/p>\n","protected":false},"excerpt":{"rendered":"<p>El pasado mes de diciembre se puso en marcha la campa\u00f1a de Navidad que todos los a\u00f1os realiza el Colegio Claret para colaborar con alguna instituci\u00f3n que destinara sus recursos a las personas m\u00e1s necesitadas. La labor que realiza C\u00e1ritas Diocesana fue lo que les llev\u00f3 a contactar con la instituci\u00f3n. Dada la situaci\u00f3n sanitaria [&hellip;]<\/p>\n","protected":false},"author":1,"featured_media":0,"comment_status":"closed","ping_status":"closed","sticky":false,"template":"","format":"standard","meta":{"footnotes":""},"categories":[97],"tags":[],"class_list":["post-2107","post","type-post","status-publish","format-standard","hentry","category-caritas-diocesana"],"_links":{"self":[{"href":"https:\/\/www.parroquiaclaret.org\/index.php?rest_route=\/wp\/v2\/posts\/2107","targetHints":{"allow":["GET"]}}],"collection":[{"href":"https:\/\/www.parroquiaclaret.org\/index.php?rest_route=\/wp\/v2\/posts"}],"about":[{"href":"https:\/\/www.parroquiaclaret.org\/index.php?rest_route=\/wp\/v2\/types\/post"}],"author":[{"embeddable":true,"href":"https:\/\/www.parroquiaclaret.org\/index.php?rest_route=\/wp\/v2\/users\/1"}],"replies":[{"embeddable":true,"href":"https:\/\/www.parroquiaclaret.org\/index.php?rest_route=%2Fwp%2Fv2%2Fcomments&post=2107"}],"version-history":[{"count":2,"href":"https:\/\/www.parroquiaclaret.org\/index.php?rest_route=\/wp\/v2\/posts\/2107\/revisions"}],"predecessor-version":[{"id":2110,"href":"https:\/\/www.parroquiaclaret.org\/index.php?rest_route=\/wp\/v2\/posts\/2107\/revisions\/2110"}],"wp:attachment":[{"href":"https:\/\/www.parroquiaclaret.org\/index.php?rest_route=%2Fwp%2Fv2%2Fmedia&parent=2107"}],"wp:term":[{"taxonomy":"category","embeddable":true,"href":"https:\/\/www.parroquiaclaret.org\/index.php?rest_route=%2Fwp%2Fv2%2Fcategories&post=2107"},{"taxonomy":"post_tag","embeddable":true,"href":"https:\/\/www.parroquiaclaret.org\/index.php?rest_route=%2Fwp%2Fv2%2Ftags&post=2107"}],"curies":[{"name":"wp","href":"https:\/\/api.w.org\/{rel}","templated":true}]}}