{"id":2103,"date":"2021-01-14T15:38:24","date_gmt":"2021-01-14T14:38:24","guid":{"rendered":"https:\/\/www.parroquiaclaret.org\/mensaje-de-caritas-sobre-las-personas-sin-hogar"},"modified":"2021-01-14T16:01:21","modified_gmt":"2021-01-14T15:01:21","slug":"mensaje-de-caritas-sobre-las-personas-sin-hogar","status":"publish","type":"post","link":"https:\/\/www.parroquiaclaret.org\/?p=2103","title":{"rendered":"Mensaje de C\u00e1ritas sobre las personas sin hogar"},"content":{"rendered":"<p align=\"justify\">Ante la inquietud manifestada por algunos feligreses por el posible desamparo de ciertas personas a las que vemos dormir o pedir diariamente en las calles de nuestro barrio C\u00e1ritas informa de lo siguiente:<\/p>\n<p align=\"justify\">Mediante el llamado Proyecto L\u00e1zaro, C\u00e1ritas atiende a las personas sin hogar de nuestro entorno, ofreci\u00e9ndoles alternativas a esta indigna forma de vida. Pero para poder ayudarlas es imprescindible contar con la cooperaci\u00f3n de dichas personas y esto no siempre es posible. Bien por tener sus facultades mentales alteradas, por padecer alguna adicci\u00f3n, o por simple voluntad, muchos rechazan las ayudas disponibles.<\/p>\n<p align=\"justify\">Tambi\u00e9n a las personas que viven de la mendicidad en nuestras calles, se les ofrece orientaci\u00f3n y ayuda aunque a veces afirmen lo contrario. C\u00e1ritas hace en cada caso un discernimiento y presta la ayuda que m\u00e1s se ajusta a cada situaci\u00f3n personal.<\/p>\n<p align=\"justify\">La atenci\u00f3n a los m\u00e1s pobres es una tarea de todos, pero para que esta ayuda sea lo m\u00e1s equilibrada posible os sugerimos que se les recuerde a ellos el recurso de C\u00e1ritas, y si deciden prestar directamente una ayuda econ\u00f3mica conjuguen el discernimiento con la compasi\u00f3n.<\/p>\n<p align=\"justify\">Muchas gracias por vuestra colaboraci\u00f3n.<\/p>\n<p><a href=\"https:\/\/www.parroquiaclaret.org\/?cat=98\" rel=\"attachment wp-att-872\"><img loading=\"lazy\" decoding=\"async\" class=\"aligncenter wp-image-872 size-medium\" src=\"https:\/\/www.parroquiaclaret.org\/wp-content\/uploads\/2018\/06\/Parroquia-San-Antonio-Mari\u2560\u00fca-Claret-H-300x135.jpg\" alt=\"\" width=\"300\" height=\"135\" srcset=\"https:\/\/www.parroquiaclaret.org\/wp-content\/uploads\/2018\/06\/Parroquia-San-Antonio-Mari\u2560\u00fca-Claret-H-300x135.jpg 300w, https:\/\/www.parroquiaclaret.org\/wp-content\/uploads\/2018\/06\/Parroquia-San-Antonio-Mari\u2560\u00fca-Claret-H-768x347.jpg 768w, https:\/\/www.parroquiaclaret.org\/wp-content\/uploads\/2018\/06\/Parroquia-San-Antonio-Mari\u2560\u00fca-Claret-H.jpg 955w\" sizes=\"auto, (max-width: 300px) 100vw, 300px\" \/><\/a><\/p>\n","protected":false},"excerpt":{"rendered":"<p>Ante la inquietud manifestada por algunos feligreses por el posible desamparo de ciertas personas a las que vemos dormir o pedir diariamente en las calles de nuestro barrio C\u00e1ritas informa de lo siguiente: Mediante el llamado Proyecto L\u00e1zaro, C\u00e1ritas atiende a las personas sin hogar de nuestro entorno, ofreci\u00e9ndoles alternativas a esta indigna forma de [&hellip;]<\/p>\n","protected":false},"author":1,"featured_media":0,"comment_status":"closed","ping_status":"closed","sticky":false,"template":"","format":"standard","meta":{"footnotes":""},"categories":[58,125],"tags":[],"class_list":["post-2103","post","type-post","status-publish","format-standard","hentry","category-caritas-parroquial","category-proyecto-lazaro"],"_links":{"self":[{"href":"https:\/\/www.parroquiaclaret.org\/index.php?rest_route=\/wp\/v2\/posts\/2103","targetHints":{"allow":["GET"]}}],"collection":[{"href":"https:\/\/www.parroquiaclaret.org\/index.php?rest_route=\/wp\/v2\/posts"}],"about":[{"href":"https:\/\/www.parroquiaclaret.org\/index.php?rest_route=\/wp\/v2\/types\/post"}],"author":[{"embeddable":true,"href":"https:\/\/www.parroquiaclaret.org\/index.php?rest_route=\/wp\/v2\/users\/1"}],"replies":[{"embeddable":true,"href":"https:\/\/www.parroquiaclaret.org\/index.php?rest_route=%2Fwp%2Fv2%2Fcomments&post=2103"}],"version-history":[{"count":2,"href":"https:\/\/www.parroquiaclaret.org\/index.php?rest_route=\/wp\/v2\/posts\/2103\/revisions"}],"predecessor-version":[{"id":2105,"href":"https:\/\/www.parroquiaclaret.org\/index.php?rest_route=\/wp\/v2\/posts\/2103\/revisions\/2105"}],"wp:attachment":[{"href":"https:\/\/www.parroquiaclaret.org\/index.php?rest_route=%2Fwp%2Fv2%2Fmedia&parent=2103"}],"wp:term":[{"taxonomy":"category","embeddable":true,"href":"https:\/\/www.parroquiaclaret.org\/index.php?rest_route=%2Fwp%2Fv2%2Fcategories&post=2103"},{"taxonomy":"post_tag","embeddable":true,"href":"https:\/\/www.parroquiaclaret.org\/index.php?rest_route=%2Fwp%2Fv2%2Ftags&post=2103"}],"curies":[{"name":"wp","href":"https:\/\/api.w.org\/{rel}","templated":true}]}}