{"id":1952,"date":"2020-06-12T08:40:57","date_gmt":"2020-06-12T06:40:57","guid":{"rendered":"https:\/\/www.parroquiaclaret.org\/comienza-la-novena-al-inmaculado-corazon-de-maria"},"modified":"2020-06-12T08:45:59","modified_gmt":"2020-06-12T06:45:59","slug":"comienza-la-novena-al-inmaculado-corazon-de-maria","status":"publish","type":"post","link":"https:\/\/www.parroquiaclaret.org\/?p=1952","title":{"rendered":"Comienza la novena al Inmaculado Coraz\u00f3n de Mar\u00eda"},"content":{"rendered":"<p><a href=\"https:\/\/www.parroquiaclaret.org\/?cat=94\"><img loading=\"lazy\" decoding=\"async\" class=\"alignleft wp-image-1446 size-full\" src=\"https:\/\/www.parroquiaclaret.org\/wp-content\/uploads\/2020\/03\/Whatsapp-icon_48x48.png\" alt=\"\" width=\"48\" height=\"48\" \/><\/a>? RECUERDO:<br \/>\nEl viernes, 12 de junio, comienza en la misa de 20 h. la Novena al Inmaculado Coraz\u00f3n de Mar\u00eda \u2764\ufe0f. Predica el P. Jos\u00e9 M\u00e1rquez Vald\u00e9s cmf. Un\u00e1monos en este importante encuentro en torno a nuestra Madre!<\/p>\n","protected":false},"excerpt":{"rendered":"<p>? RECUERDO: El viernes, 12 de junio, comienza en la misa de 20 h. la Novena al Inmaculado Coraz\u00f3n de Mar\u00eda \u2764\ufe0f. Predica el P. Jos\u00e9 M\u00e1rquez Vald\u00e9s cmf. Un\u00e1monos en este importante encuentro en torno a nuestra Madre!<\/p>\n","protected":false},"author":1,"featured_media":0,"comment_status":"closed","ping_status":"closed","sticky":false,"template":"","format":"standard","meta":{"footnotes":""},"categories":[115,114,94],"tags":[],"class_list":["post-1952","post","type-post","status-publish","format-standard","hentry","category-inmaculado-corazon-de-maria","category-novena","category-whatsapp"],"_links":{"self":[{"href":"https:\/\/www.parroquiaclaret.org\/index.php?rest_route=\/wp\/v2\/posts\/1952","targetHints":{"allow":["GET"]}}],"collection":[{"href":"https:\/\/www.parroquiaclaret.org\/index.php?rest_route=\/wp\/v2\/posts"}],"about":[{"href":"https:\/\/www.parroquiaclaret.org\/index.php?rest_route=\/wp\/v2\/types\/post"}],"author":[{"embeddable":true,"href":"https:\/\/www.parroquiaclaret.org\/index.php?rest_route=\/wp\/v2\/users\/1"}],"replies":[{"embeddable":true,"href":"https:\/\/www.parroquiaclaret.org\/index.php?rest_route=%2Fwp%2Fv2%2Fcomments&post=1952"}],"version-history":[{"count":3,"href":"https:\/\/www.parroquiaclaret.org\/index.php?rest_route=\/wp\/v2\/posts\/1952\/revisions"}],"predecessor-version":[{"id":1955,"href":"https:\/\/www.parroquiaclaret.org\/index.php?rest_route=\/wp\/v2\/posts\/1952\/revisions\/1955"}],"wp:attachment":[{"href":"https:\/\/www.parroquiaclaret.org\/index.php?rest_route=%2Fwp%2Fv2%2Fmedia&parent=1952"}],"wp:term":[{"taxonomy":"category","embeddable":true,"href":"https:\/\/www.parroquiaclaret.org\/index.php?rest_route=%2Fwp%2Fv2%2Fcategories&post=1952"},{"taxonomy":"post_tag","embeddable":true,"href":"https:\/\/www.parroquiaclaret.org\/index.php?rest_route=%2Fwp%2Fv2%2Ftags&post=1952"}],"curies":[{"name":"wp","href":"https:\/\/api.w.org\/{rel}","templated":true}]}}