{"id":1938,"date":"2020-06-08T22:47:00","date_gmt":"2020-06-08T20:47:00","guid":{"rendered":"https:\/\/www.parroquiaclaret.org\/archicofradia-novena-al-inmaculado-corazon-de-maria"},"modified":"2020-06-08T23:46:58","modified_gmt":"2020-06-08T21:46:58","slug":"archicofradia-novena-al-inmaculado-corazon-de-maria","status":"publish","type":"post","link":"https:\/\/www.parroquiaclaret.org\/?p=1938","title":{"rendered":"Archicofrad\u00eda: Novena al Inmaculado Coraz\u00f3n de Mar\u00eda"},"content":{"rendered":"<p><a href=\"https:\/\/www.parroquiaclaret.org\/?cat=94\" rel=\"attachment wp-att-1446\"><img loading=\"lazy\" decoding=\"async\" class=\"wp-image-1446 size-full alignleft\" src=\"https:\/\/www.parroquiaclaret.org\/wp-content\/uploads\/2020\/03\/Whatsapp-icon_48x48.png\" alt=\"\" width=\"48\" height=\"48\" \/><\/a>La Hermandad invita a todos a realizar una ofrenda florales d\u00eda 20 de junio de 9:00 h. a 13:30 h. y de 18:30 h. a 21:30 h., interrumpi\u00e9ndose durante las misas del d\u00eda.<a href=\"https:\/\/www.parroquiaclaret.org\/wp-content\/uploads\/2020\/06\/20200608_NovenaArchicofradia.jpg\"><img loading=\"lazy\" decoding=\"async\" class=\"alignleft wp-image-1937 size-full\" src=\"https:\/\/www.parroquiaclaret.org\/wp-content\/uploads\/2020\/06\/20200608_NovenaArchicofradia.jpg\" alt=\"\" width=\"1004\" height=\"1447\" \/><\/a><\/p>\n","protected":false},"excerpt":{"rendered":"<p>La Hermandad invita a todos a realizar una ofrenda florales d\u00eda 20 de junio de 9:00 h. a 13:30 h. y de 18:30 h. a 21:30 h., interrumpi\u00e9ndose durante las misas del d\u00eda.<\/p>\n","protected":false},"author":1,"featured_media":0,"comment_status":"closed","ping_status":"closed","sticky":false,"template":"","format":"standard","meta":{"footnotes":""},"categories":[63,115,114,94],"tags":[],"class_list":["post-1938","post","type-post","status-publish","format-standard","hentry","category-archicofradia","category-inmaculado-corazon-de-maria","category-novena","category-whatsapp"],"_links":{"self":[{"href":"https:\/\/www.parroquiaclaret.org\/index.php?rest_route=\/wp\/v2\/posts\/1938","targetHints":{"allow":["GET"]}}],"collection":[{"href":"https:\/\/www.parroquiaclaret.org\/index.php?rest_route=\/wp\/v2\/posts"}],"about":[{"href":"https:\/\/www.parroquiaclaret.org\/index.php?rest_route=\/wp\/v2\/types\/post"}],"author":[{"embeddable":true,"href":"https:\/\/www.parroquiaclaret.org\/index.php?rest_route=\/wp\/v2\/users\/1"}],"replies":[{"embeddable":true,"href":"https:\/\/www.parroquiaclaret.org\/index.php?rest_route=%2Fwp%2Fv2%2Fcomments&post=1938"}],"version-history":[{"count":5,"href":"https:\/\/www.parroquiaclaret.org\/index.php?rest_route=\/wp\/v2\/posts\/1938\/revisions"}],"predecessor-version":[{"id":1945,"href":"https:\/\/www.parroquiaclaret.org\/index.php?rest_route=\/wp\/v2\/posts\/1938\/revisions\/1945"}],"wp:attachment":[{"href":"https:\/\/www.parroquiaclaret.org\/index.php?rest_route=%2Fwp%2Fv2%2Fmedia&parent=1938"}],"wp:term":[{"taxonomy":"category","embeddable":true,"href":"https:\/\/www.parroquiaclaret.org\/index.php?rest_route=%2Fwp%2Fv2%2Fcategories&post=1938"},{"taxonomy":"post_tag","embeddable":true,"href":"https:\/\/www.parroquiaclaret.org\/index.php?rest_route=%2Fwp%2Fv2%2Ftags&post=1938"}],"curies":[{"name":"wp","href":"https:\/\/api.w.org\/{rel}","templated":true}]}}