{"id":1738,"date":"2020-04-17T11:19:14","date_gmt":"2020-04-17T09:19:14","guid":{"rendered":"https:\/\/www.parroquiaclaret.org\/peregrinacion-a-fatima"},"modified":"2020-04-17T11:19:18","modified_gmt":"2020-04-17T09:19:18","slug":"peregrinacion-a-fatima","status":"publish","type":"post","link":"https:\/\/www.parroquiaclaret.org\/?p=1738","title":{"rendered":"Peregrinaci\u00f3n a F\u00e1tima"},"content":{"rendered":"<h5 style=\"text-align: left;\"><a href=\"https:\/\/www.parroquiaclaret.org\/?cat=94\" rel=\"attachment wp-att-1446\"><img loading=\"lazy\" decoding=\"async\" class=\"alignleft wp-image-1446 size-full\" src=\"https:\/\/www.parroquiaclaret.org\/wp-content\/uploads\/2020\/03\/Whatsapp-icon_48x48.png\" alt=\"\" width=\"48\" height=\"48\" \/><\/a>Ante la incertidumbre de la situaci\u00f3n y como medida de seguridad, hemos decidido ANULAR la peregrinaci\u00f3n que ten\u00edamos programada realizar a F\u00e1tima para los d\u00edas 5, 6 y 7 de junio. El intento que hemos hecho para pasarla a los meses de septiembre y octubre ha sido infructuoso.<br \/>\nPor lo tanto, conforme se levante el Estado de alarma, fijaremos unos d\u00edas y horas para que puedan pasar a recoger el dinero \u00edntegro del pasaje a las dependencias parroquiales.<br \/>\nLo sentimos, y lo volveremos a intentar para junio del 2021, si Dios quiere.<\/h5>\n","protected":false},"excerpt":{"rendered":"<p>Ante la incertidumbre de la situaci\u00f3n y como medida de seguridad, hemos decidido ANULAR la peregrinaci\u00f3n que ten\u00edamos programada realizar a F\u00e1tima para los d\u00edas 5, 6 y 7 de junio. El intento que hemos hecho para pasarla a los meses de septiembre y octubre ha sido infructuoso. Por lo tanto, conforme se levante el [&hellip;]<\/p>\n","protected":false},"author":1,"featured_media":0,"comment_status":"closed","ping_status":"closed","sticky":false,"template":"","format":"standard","meta":{"footnotes":""},"categories":[80,37,94],"tags":[],"class_list":["post-1738","post","type-post","status-publish","format-standard","hentry","category-fatima","category-peregrinacion","category-whatsapp"],"_links":{"self":[{"href":"https:\/\/www.parroquiaclaret.org\/index.php?rest_route=\/wp\/v2\/posts\/1738","targetHints":{"allow":["GET"]}}],"collection":[{"href":"https:\/\/www.parroquiaclaret.org\/index.php?rest_route=\/wp\/v2\/posts"}],"about":[{"href":"https:\/\/www.parroquiaclaret.org\/index.php?rest_route=\/wp\/v2\/types\/post"}],"author":[{"embeddable":true,"href":"https:\/\/www.parroquiaclaret.org\/index.php?rest_route=\/wp\/v2\/users\/1"}],"replies":[{"embeddable":true,"href":"https:\/\/www.parroquiaclaret.org\/index.php?rest_route=%2Fwp%2Fv2%2Fcomments&post=1738"}],"version-history":[{"count":1,"href":"https:\/\/www.parroquiaclaret.org\/index.php?rest_route=\/wp\/v2\/posts\/1738\/revisions"}],"predecessor-version":[{"id":1739,"href":"https:\/\/www.parroquiaclaret.org\/index.php?rest_route=\/wp\/v2\/posts\/1738\/revisions\/1739"}],"wp:attachment":[{"href":"https:\/\/www.parroquiaclaret.org\/index.php?rest_route=%2Fwp%2Fv2%2Fmedia&parent=1738"}],"wp:term":[{"taxonomy":"category","embeddable":true,"href":"https:\/\/www.parroquiaclaret.org\/index.php?rest_route=%2Fwp%2Fv2%2Fcategories&post=1738"},{"taxonomy":"post_tag","embeddable":true,"href":"https:\/\/www.parroquiaclaret.org\/index.php?rest_route=%2Fwp%2Fv2%2Ftags&post=1738"}],"curies":[{"name":"wp","href":"https:\/\/api.w.org\/{rel}","templated":true}]}}