{"id":1719,"date":"2020-04-15T17:01:02","date_gmt":"2020-04-15T15:01:02","guid":{"rendered":"https:\/\/www.parroquiaclaret.org\/"},"modified":"2020-04-15T17:02:38","modified_gmt":"2020-04-15T15:02:38","slug":"","status":"publish","type":"post","link":"https:\/\/www.parroquiaclaret.org\/?p=1719","title":{"rendered":""},"content":{"rendered":"<h5 style=\"text-align: center;\"><a href=\"https:\/\/www.parroquiaclaret.org\/?cat=94\" rel=\"attachment wp-att-1446\"><img loading=\"lazy\" decoding=\"async\" class=\"alignleft wp-image-1446 size-full\" src=\"https:\/\/www.parroquiaclaret.org\/wp-content\/uploads\/2020\/03\/Whatsapp-icon_48x48.png\" alt=\"\" width=\"48\" height=\"48\" \/><\/a><strong>CARTA CIRCULAR DE VUESTRO P\u00c1RROCO<\/strong><br \/>\n<strong>(PARROQUIA SAN ANTONIO MAR\u00cdA CLARET)<\/strong><\/h5>\n<p>Querido feligr\u00e9s:<\/p>\n<p>\u00a1Feliz Pascua de Resurrecci\u00f3n! \u00a1Cristo ha resucitado! \u00c9sta es la raz\u00f3n m\u00e1s fuerte de nuestra esperanza ante un mundo que nos genera confusi\u00f3n, como la pandemia que estamos viviendo.<\/p>\n<p>Hace ya un mes que se inici\u00f3 el Estado de alarma que nos mantiene confinados en nuestras casas, y hemos tenido que cambiar muchos h\u00e1bitos. Algunos de ellos se nos est\u00e1n haciendo especialmente costosos, como el distanciamiento social, un paseo primaveral, entre otros muchos. Pero hay uno particularmente duro, encontrar las iglesias cerradas, con todo lo que implica de acceso a los sacramentos y orar ante el Sant\u00edsimo. Os he de confesar que me cuesta aceptar que no se considere un servicio de necesidad, como lo son otros, aunque entiendo que hay que prevenir del riesgo de encuentros masivos. Conscientes de ello, los sacerdotes estamos procurando acercar a vuestros hogares las celebraciones y hacer de ellos una \u201ciglesia dom\u00e9stica\u201d.<\/p>\n<p>A la espera de que se d\u00e9 v\u00eda libre a la apertura de las iglesias, tendremos que vivir con paciencia esta situaci\u00f3n. No sabemos cu\u00e1ndo ser\u00e1. Hab\u00e9is sido varios los que, ante una iglesia cerrada tanto tiempo, os hab\u00e9is preguntado c\u00f3mo se puede mantener econ\u00f3micamente sin ingresos por colectas ni sacramentos. La Parroquia se est\u00e1 manteniendo por las suscripciones parroquiales y porque hemos reajustado y aplazado los gastos m\u00e1s significativos. Para que de forma somera nos podamos hacer una idea, la media de ingresos mensuales por las suscripciones parroquiales es de unos 2.000 \u20ac, y la de gastos unos 6.000 \u20ac, a esto hay que a\u00f1adir 4.300 \u20ac de pagos pendientes y otras mejoras. Y aunque el reajuste nos alivia, la vuelta a la normalidad no va a ser nada f\u00e1cil para esta \u201ccasa de todos\u201d, que es la Parroquia.<\/p>\n<p>Son muchas las instituciones y las familias que van a necesitar un rescate cuando todo pase. La Parroquia no escapa a una ayuda extraordinaria; y \u00e9sta tendr\u00e1 que ser fundamentalmente por parte de sus fieles, aquellos que se sienten vinculados afectivamente a sus lugares de culto. Si esta ayuda no la hemos solicitado antes ha sido por dar prioridad a nuestra C\u00e1ritas parroquial para la atenci\u00f3n a los m\u00e1s pobres y porque entendemos que la situaci\u00f3n es y seguir\u00e1 siendo dif\u00edcil para muchos; ahora, movidos por la sugerencia de algunos de vosotros y del Consejo de Econom\u00eda de nuestra Parroquia, hemos visto oportuno solicitar vuestra colaboraci\u00f3n por transferencia bancaria en el siguiente n\u00famero de cuenta:<\/p>\n<p>&#8211; ES56 0237 0330 1091 5680 4577<br \/>\n&#8211; Titular: Parroquia Claret<\/p>\n<p>Muy agradecido de antemano, me despido con el pleno convencimiento de que saldremos fortalecidos a un nivel existencial y espiritual, que es lo que realmente importa: que nuestra vida crezca en la toma de conciencia de nuestra fragilidad y en una mayor hambre de Dios.<\/p>\n<p>Para cualquier consulta o ayuda que se os pueda prestar estoy a vuestra disposici\u00f3n en el n\u00famero de tel\u00e9fono 640870065.<\/p>\n<p>Que el Se\u00f1or os bendiga.<\/p>\n<p style=\"text-align: center;\"><strong>P. Juan Antonio Lamarca Carrasco cmf.<\/strong><br \/>\n<strong>P\u00e1rroco de San Antonio Mar\u00eda Claret<\/strong><\/p>\n<h2 style=\"text-align: center;\"><a href=\"https:\/\/www.parroquiaclaret.org\/wp-content\/uploads\/2020\/04\/Carta-pandemia-feligres%C3%ADa.pdf\" rel=\"attachment wp-att-1720\">Carta pandemia feligres\u00eda<\/a><\/h2>\n","protected":false},"excerpt":{"rendered":"<p>CARTA CIRCULAR DE VUESTRO P\u00c1RROCO (PARROQUIA SAN ANTONIO MAR\u00cdA CLARET) Querido feligr\u00e9s: \u00a1Feliz Pascua de Resurrecci\u00f3n! \u00a1Cristo ha resucitado! \u00c9sta es la raz\u00f3n m\u00e1s fuerte de nuestra esperanza ante un mundo que nos genera confusi\u00f3n, como la pandemia que estamos viviendo. Hace ya un mes que se inici\u00f3 el Estado de alarma que nos mantiene [&hellip;]<\/p>\n","protected":false},"author":1,"featured_media":0,"comment_status":"closed","ping_status":"closed","sticky":false,"template":"","format":"standard","meta":{"footnotes":""},"categories":[94],"tags":[],"class_list":["post-1719","post","type-post","status-publish","format-standard","hentry","category-whatsapp"],"_links":{"self":[{"href":"https:\/\/www.parroquiaclaret.org\/index.php?rest_route=\/wp\/v2\/posts\/1719","targetHints":{"allow":["GET"]}}],"collection":[{"href":"https:\/\/www.parroquiaclaret.org\/index.php?rest_route=\/wp\/v2\/posts"}],"about":[{"href":"https:\/\/www.parroquiaclaret.org\/index.php?rest_route=\/wp\/v2\/types\/post"}],"author":[{"embeddable":true,"href":"https:\/\/www.parroquiaclaret.org\/index.php?rest_route=\/wp\/v2\/users\/1"}],"replies":[{"embeddable":true,"href":"https:\/\/www.parroquiaclaret.org\/index.php?rest_route=%2Fwp%2Fv2%2Fcomments&post=1719"}],"version-history":[{"count":4,"href":"https:\/\/www.parroquiaclaret.org\/index.php?rest_route=\/wp\/v2\/posts\/1719\/revisions"}],"predecessor-version":[{"id":1724,"href":"https:\/\/www.parroquiaclaret.org\/index.php?rest_route=\/wp\/v2\/posts\/1719\/revisions\/1724"}],"wp:attachment":[{"href":"https:\/\/www.parroquiaclaret.org\/index.php?rest_route=%2Fwp%2Fv2%2Fmedia&parent=1719"}],"wp:term":[{"taxonomy":"category","embeddable":true,"href":"https:\/\/www.parroquiaclaret.org\/index.php?rest_route=%2Fwp%2Fv2%2Fcategories&post=1719"},{"taxonomy":"post_tag","embeddable":true,"href":"https:\/\/www.parroquiaclaret.org\/index.php?rest_route=%2Fwp%2Fv2%2Ftags&post=1719"}],"curies":[{"name":"wp","href":"https:\/\/api.w.org\/{rel}","templated":true}]}}