{"id":1708,"date":"2020-04-13T19:49:22","date_gmt":"2020-04-13T17:49:22","guid":{"rendered":"https:\/\/www.parroquiaclaret.org\/intenciones-de-misas"},"modified":"2020-04-13T19:50:14","modified_gmt":"2020-04-13T17:50:14","slug":"intenciones-de-misas","status":"publish","type":"post","link":"https:\/\/www.parroquiaclaret.org\/?p=1708","title":{"rendered":"Intenciones de misas"},"content":{"rendered":"<h5 style=\"text-align: center;\"><a href=\"https:\/\/www.parroquiaclaret.org\/?cat=94\" rel=\"attachment wp-att-1446\"><img loading=\"lazy\" decoding=\"async\" class=\"alignleft wp-image-1446 size-full\" src=\"https:\/\/www.parroquiaclaret.org\/wp-content\/uploads\/2020\/03\/Whatsapp-icon_48x48.png\" alt=\"\" width=\"48\" height=\"48\" \/><\/a><\/h5>\n<p>Algunas personas nos est\u00e1n pidiendo intenciones de misas por sus difuntos, y otras quiz\u00e1s no lo hagan por desconocimiento o por no poder estar presentes.<br \/>\nQuien lo desee, lo puede comunicar por este medio en forma de whasspap o llamando a este n\u00famero de tel\u00e9fono. Indicar el nombre del difunto y el d\u00eda de la misa. La comunidad de los Misioneros Claretianos estamos celebrando a diario la Eucarist\u00eda a las 8&#8217;30 de la ma\u00f1ana, excepto domingos (12&#8217;30).<br \/>\nEl estipendio NO es obligatorio; no obstante, quien quiera hacer una aportaci\u00f3n, a modo de ofrenda, como es costumbre, puede ingresar un donativo al siguiente n\u00famero de cuenta: ES56 0237 0330 1091 5680 4577. Titular: Parroquia Claret. Concepto: Misa + nombre del difunto. La orientaci\u00f3n de la Archidi\u00f3cesis de Sevilla es de 9 \u20ac.<\/p>\n","protected":false},"excerpt":{"rendered":"<p>Algunas personas nos est\u00e1n pidiendo intenciones de misas por sus difuntos, y otras quiz\u00e1s no lo hagan por desconocimiento o por no poder estar presentes. Quien lo desee, lo puede comunicar por este medio en forma de whasspap o llamando a este n\u00famero de tel\u00e9fono. Indicar el nombre del difunto y el d\u00eda de la [&hellip;]<\/p>\n","protected":false},"author":1,"featured_media":0,"comment_status":"closed","ping_status":"closed","sticky":false,"template":"","format":"standard","meta":{"footnotes":""},"categories":[19,51,33,94],"tags":[],"class_list":["post-1708","post","type-post","status-publish","format-standard","hentry","category-la-parroquia","category-mantenimiento","category-misa","category-whatsapp"],"_links":{"self":[{"href":"https:\/\/www.parroquiaclaret.org\/index.php?rest_route=\/wp\/v2\/posts\/1708","targetHints":{"allow":["GET"]}}],"collection":[{"href":"https:\/\/www.parroquiaclaret.org\/index.php?rest_route=\/wp\/v2\/posts"}],"about":[{"href":"https:\/\/www.parroquiaclaret.org\/index.php?rest_route=\/wp\/v2\/types\/post"}],"author":[{"embeddable":true,"href":"https:\/\/www.parroquiaclaret.org\/index.php?rest_route=\/wp\/v2\/users\/1"}],"replies":[{"embeddable":true,"href":"https:\/\/www.parroquiaclaret.org\/index.php?rest_route=%2Fwp%2Fv2%2Fcomments&post=1708"}],"version-history":[{"count":3,"href":"https:\/\/www.parroquiaclaret.org\/index.php?rest_route=\/wp\/v2\/posts\/1708\/revisions"}],"predecessor-version":[{"id":1711,"href":"https:\/\/www.parroquiaclaret.org\/index.php?rest_route=\/wp\/v2\/posts\/1708\/revisions\/1711"}],"wp:attachment":[{"href":"https:\/\/www.parroquiaclaret.org\/index.php?rest_route=%2Fwp%2Fv2%2Fmedia&parent=1708"}],"wp:term":[{"taxonomy":"category","embeddable":true,"href":"https:\/\/www.parroquiaclaret.org\/index.php?rest_route=%2Fwp%2Fv2%2Fcategories&post=1708"},{"taxonomy":"post_tag","embeddable":true,"href":"https:\/\/www.parroquiaclaret.org\/index.php?rest_route=%2Fwp%2Fv2%2Ftags&post=1708"}],"curies":[{"name":"wp","href":"https:\/\/api.w.org\/{rel}","templated":true}]}}