{"id":1700,"date":"2020-04-12T12:20:34","date_gmt":"2020-04-12T10:20:34","guid":{"rendered":"https:\/\/www.parroquiaclaret.org\/"},"modified":"2020-04-12T12:41:27","modified_gmt":"2020-04-12T10:41:27","slug":"","status":"publish","type":"post","link":"https:\/\/www.parroquiaclaret.org\/?p=1700","title":{"rendered":""},"content":{"rendered":"<h2 style=\"text-align: center;\"><a href=\"https:\/\/www.parroquiaclaret.org\/?cat=94\" rel=\"attachment wp-att-1446\"><img loading=\"lazy\" decoding=\"async\" class=\"wp-image-1446 size-full alignleft\" src=\"https:\/\/www.parroquiaclaret.org\/wp-content\/uploads\/2020\/03\/Whatsapp-icon_48x48.png\" alt=\"\" width=\"48\" height=\"48\" \/><\/a><a href=\"https:\/\/www.youtube.com\/channel\/UCmEgaa-2sz7wSYv4eaHYpSA\" rel=\"attachment wp-att-1537\"><img loading=\"lazy\" decoding=\"async\" class=\"alignleft wp-image-1537\" src=\"https:\/\/www.parroquiaclaret.org\/wp-content\/uploads\/2020\/03\/PJVFatima.jpg\" alt=\"\" width=\"87\" height=\"87\" \/><\/a>Eucarist\u00eda Domingo de Resurrecci\u00f3n<\/h2>\n<h2 style=\"text-align: center;\"><a href=\"https:\/\/www.youtube.com\/channel\/UCmEgaa-2sz7wSYv4eaHYpSA\">Canal Youtube EquipoPJV F\u00e1tima<\/a><\/h2>\n<p><iframe loading=\"lazy\" src=\"https:\/\/www.youtube.com\/embed\/N7a4t4ss2qc\" width=\"560\" height=\"315\" frameborder=\"0\" allowfullscreen=\"allowfullscreen\"><\/iframe><\/p>\n","protected":false},"excerpt":{"rendered":"<p>Eucarist\u00eda Domingo de Resurrecci\u00f3n Canal Youtube EquipoPJV F\u00e1tima<\/p>\n","protected":false},"author":1,"featured_media":0,"comment_status":"closed","ping_status":"closed","sticky":false,"template":"","format":"standard","meta":{"footnotes":""},"categories":[109,14,82,4,94],"tags":[],"class_list":["post-1700","post","type-post","status-publish","format-standard","hentry","category-dominigo-resurreccion","category-eucaristia","category-retransmision","category-semana_santa","category-whatsapp"],"_links":{"self":[{"href":"https:\/\/www.parroquiaclaret.org\/index.php?rest_route=\/wp\/v2\/posts\/1700","targetHints":{"allow":["GET"]}}],"collection":[{"href":"https:\/\/www.parroquiaclaret.org\/index.php?rest_route=\/wp\/v2\/posts"}],"about":[{"href":"https:\/\/www.parroquiaclaret.org\/index.php?rest_route=\/wp\/v2\/types\/post"}],"author":[{"embeddable":true,"href":"https:\/\/www.parroquiaclaret.org\/index.php?rest_route=\/wp\/v2\/users\/1"}],"replies":[{"embeddable":true,"href":"https:\/\/www.parroquiaclaret.org\/index.php?rest_route=%2Fwp%2Fv2%2Fcomments&post=1700"}],"version-history":[{"count":4,"href":"https:\/\/www.parroquiaclaret.org\/index.php?rest_route=\/wp\/v2\/posts\/1700\/revisions"}],"predecessor-version":[{"id":1704,"href":"https:\/\/www.parroquiaclaret.org\/index.php?rest_route=\/wp\/v2\/posts\/1700\/revisions\/1704"}],"wp:attachment":[{"href":"https:\/\/www.parroquiaclaret.org\/index.php?rest_route=%2Fwp%2Fv2%2Fmedia&parent=1700"}],"wp:term":[{"taxonomy":"category","embeddable":true,"href":"https:\/\/www.parroquiaclaret.org\/index.php?rest_route=%2Fwp%2Fv2%2Fcategories&post=1700"},{"taxonomy":"post_tag","embeddable":true,"href":"https:\/\/www.parroquiaclaret.org\/index.php?rest_route=%2Fwp%2Fv2%2Ftags&post=1700"}],"curies":[{"name":"wp","href":"https:\/\/api.w.org\/{rel}","templated":true}]}}