{"id":1679,"date":"2020-04-10T16:52:40","date_gmt":"2020-04-10T14:52:40","guid":{"rendered":"https:\/\/www.parroquiaclaret.org\/"},"modified":"2020-04-10T17:22:01","modified_gmt":"2020-04-10T15:22:01","slug":"","status":"publish","type":"post","link":"https:\/\/www.parroquiaclaret.org\/?p=1679","title":{"rendered":""},"content":{"rendered":"<h1 style=\"text-align: center;\"><a href=\"https:\/\/www.parroquiaclaret.org\/?cat=94\" rel=\"attachment wp-att-1446\"><img loading=\"lazy\" decoding=\"async\" class=\"wp-image-1446 size-full alignleft\" src=\"https:\/\/www.parroquiaclaret.org\/wp-content\/uploads\/2020\/03\/Whatsapp-icon_48x48.png\" alt=\"\" width=\"48\" height=\"48\" \/><\/a><a href=\"https:\/\/www.youtube.com\/channel\/UCmEgaa-2sz7wSYv4eaHYpSA\" rel=\"attachment wp-att-1537\"><img loading=\"lazy\" decoding=\"async\" class=\"alignleft wp-image-1537\" src=\"https:\/\/www.parroquiaclaret.org\/wp-content\/uploads\/2020\/03\/PJVFatima.jpg\" alt=\"\" width=\"87\" height=\"87\" \/><\/a>Pasi\u00f3n de Jes\u00fas<\/h1>\n<h2 style=\"text-align: center;\"><a href=\"https:\/\/www.youtube.com\/channel\/UCmEgaa-2sz7wSYv4eaHYpSA\">Canal Youtube EquipoPJV F\u00e1tima<\/a><\/h2>\n<p>&nbsp;<\/p>\n<p>Te invitamos a que tengas delante alguna cruz de las que tengas por tu casa para el momento de la adoraci\u00f3n.<\/p>\n<p><iframe loading=\"lazy\" src=\"https:\/\/www.youtube.com\/embed\/ZTXs2ttYkPs\" width=\"560\" height=\"315\" frameborder=\"0\" allowfullscreen=\"allowfullscreen\"><\/iframe><\/p>\n","protected":false},"excerpt":{"rendered":"<p>Pasi\u00f3n de Jes\u00fas Canal Youtube EquipoPJV F\u00e1tima &nbsp; Te invitamos a que tengas delante alguna cruz de las que tengas por tu casa para el momento de la adoraci\u00f3n.<\/p>\n","protected":false},"author":1,"featured_media":0,"comment_status":"closed","ping_status":"closed","sticky":false,"template":"","format":"standard","meta":{"footnotes":""},"categories":[105,82,4,106,94],"tags":[],"class_list":["post-1679","post","type-post","status-publish","format-standard","hentry","category-pasion-de-jesus","category-retransmision","category-semana_santa","category-viernes-santo","category-whatsapp"],"_links":{"self":[{"href":"https:\/\/www.parroquiaclaret.org\/index.php?rest_route=\/wp\/v2\/posts\/1679","targetHints":{"allow":["GET"]}}],"collection":[{"href":"https:\/\/www.parroquiaclaret.org\/index.php?rest_route=\/wp\/v2\/posts"}],"about":[{"href":"https:\/\/www.parroquiaclaret.org\/index.php?rest_route=\/wp\/v2\/types\/post"}],"author":[{"embeddable":true,"href":"https:\/\/www.parroquiaclaret.org\/index.php?rest_route=\/wp\/v2\/users\/1"}],"replies":[{"embeddable":true,"href":"https:\/\/www.parroquiaclaret.org\/index.php?rest_route=%2Fwp%2Fv2%2Fcomments&post=1679"}],"version-history":[{"count":1,"href":"https:\/\/www.parroquiaclaret.org\/index.php?rest_route=\/wp\/v2\/posts\/1679\/revisions"}],"predecessor-version":[{"id":1680,"href":"https:\/\/www.parroquiaclaret.org\/index.php?rest_route=\/wp\/v2\/posts\/1679\/revisions\/1680"}],"wp:attachment":[{"href":"https:\/\/www.parroquiaclaret.org\/index.php?rest_route=%2Fwp%2Fv2%2Fmedia&parent=1679"}],"wp:term":[{"taxonomy":"category","embeddable":true,"href":"https:\/\/www.parroquiaclaret.org\/index.php?rest_route=%2Fwp%2Fv2%2Fcategories&post=1679"},{"taxonomy":"post_tag","embeddable":true,"href":"https:\/\/www.parroquiaclaret.org\/index.php?rest_route=%2Fwp%2Fv2%2Ftags&post=1679"}],"curies":[{"name":"wp","href":"https:\/\/api.w.org\/{rel}","templated":true}]}}