{"id":1232,"date":"2019-09-30T16:53:57","date_gmt":"2019-09-30T14:53:57","guid":{"rendered":"https:\/\/www.parroquiaclaret.org\/peregrinacion-a-fatima-septiembre-2019"},"modified":"2019-10-03T17:47:27","modified_gmt":"2019-10-03T15:47:27","slug":"peregrinacion-a-fatima-septiembre-2019","status":"publish","type":"post","link":"https:\/\/www.parroquiaclaret.org\/?p=1232","title":{"rendered":"Peregrinaci\u00f3n a F\u00e1tima. Septiembre 2019"},"content":{"rendered":"<p>Los d\u00edas 27, 28 y 29 de septiembre nos dimos cita en F\u00e1tima todas las posiciones claretianas de la nueva Provincia claretiana de F\u00e1tima (Andaluc\u00eda, Extremadura, Canarias, Portugal, Inglaterra e Irlanda). De la Parroquia y el colegio Claret de Sevilla peregrinamos un grupo de 59 personas donde tuvimos oportunidad de participar en emotivas celebraciones con toda la familia claretiana y celebraciones comunes como el rosario y procesi\u00f3n de las antorchas que nos llenaron de gozo a todos.<\/p>\n<p>[modula id=\u00bb1258&#8243;]<\/p>\n","protected":false},"excerpt":{"rendered":"<p>Los d\u00edas 27, 28 y 29 de septiembre nos dimos cita en F\u00e1tima todas las posiciones claretianas de la nueva Provincia claretiana de F\u00e1tima (Andaluc\u00eda, Extremadura, Canarias, Portugal, Inglaterra e Irlanda). De la Parroquia y el colegio Claret de Sevilla peregrinamos un grupo de 59 personas donde tuvimos oportunidad de participar en emotivas celebraciones con [&hellip;]<\/p>\n","protected":false},"author":1,"featured_media":0,"comment_status":"closed","ping_status":"closed","sticky":false,"template":"","format":"standard","meta":{"footnotes":""},"categories":[80,37],"tags":[],"class_list":["post-1232","post","type-post","status-publish","format-standard","hentry","category-fatima","category-peregrinacion"],"_links":{"self":[{"href":"https:\/\/www.parroquiaclaret.org\/index.php?rest_route=\/wp\/v2\/posts\/1232","targetHints":{"allow":["GET"]}}],"collection":[{"href":"https:\/\/www.parroquiaclaret.org\/index.php?rest_route=\/wp\/v2\/posts"}],"about":[{"href":"https:\/\/www.parroquiaclaret.org\/index.php?rest_route=\/wp\/v2\/types\/post"}],"author":[{"embeddable":true,"href":"https:\/\/www.parroquiaclaret.org\/index.php?rest_route=\/wp\/v2\/users\/1"}],"replies":[{"embeddable":true,"href":"https:\/\/www.parroquiaclaret.org\/index.php?rest_route=%2Fwp%2Fv2%2Fcomments&post=1232"}],"version-history":[{"count":5,"href":"https:\/\/www.parroquiaclaret.org\/index.php?rest_route=\/wp\/v2\/posts\/1232\/revisions"}],"predecessor-version":[{"id":1259,"href":"https:\/\/www.parroquiaclaret.org\/index.php?rest_route=\/wp\/v2\/posts\/1232\/revisions\/1259"}],"wp:attachment":[{"href":"https:\/\/www.parroquiaclaret.org\/index.php?rest_route=%2Fwp%2Fv2%2Fmedia&parent=1232"}],"wp:term":[{"taxonomy":"category","embeddable":true,"href":"https:\/\/www.parroquiaclaret.org\/index.php?rest_route=%2Fwp%2Fv2%2Fcategories&post=1232"},{"taxonomy":"post_tag","embeddable":true,"href":"https:\/\/www.parroquiaclaret.org\/index.php?rest_route=%2Fwp%2Fv2%2Ftags&post=1232"}],"curies":[{"name":"wp","href":"https:\/\/api.w.org\/{rel}","templated":true}]}}