{"id":1135,"date":"2019-05-16T16:32:36","date_gmt":"2019-05-16T14:32:36","guid":{"rendered":"https:\/\/www.parroquiaclaret.org\/mejoras-en-el-asentamiento-de-lucena-del-puerto"},"modified":"2019-05-16T16:32:36","modified_gmt":"2019-05-16T14:32:36","slug":"mejoras-en-el-asentamiento-de-lucena-del-puerto","status":"publish","type":"post","link":"https:\/\/www.parroquiaclaret.org\/?p=1135","title":{"rendered":"Mejoras en el asentamiento de Lucena del Puerto"},"content":{"rendered":"<p>C\u00e1ritas Claret ha colaborado con la Archicofrad\u00eda de la Misi\u00f3n para mejorar las condiciones de vida del asentamiento de inmigrantes de Lucena del Puerto. Gracias a las aportaciones de los feligreses se van a instalar dep\u00f3sitos de agua y es est\u00e1n llevando a cabo los preliminares para la construcci\u00f3n de una iglesia.<\/p>\n<p><a href=\"https:\/\/www.parroquiaclaret.org\/2019\/05\/16\/mejoras-en-el-asentamiento-de-lucena-del-puerto\/mejoras-en-el-asentamiento-de-lucena-del-puerto-02\" rel=\"attachment wp-att-1137\"><img loading=\"lazy\" decoding=\"async\" class=\"alignleft size-medium wp-image-1137\" src=\"https:\/\/www.parroquiaclaret.org\/wp-content\/uploads\/2019\/05\/Mejoras-en-el-asentamiento-de-Lucena-del-Puerto-02-300x220.jpeg\" alt=\"\" width=\"300\" height=\"220\" srcset=\"https:\/\/www.parroquiaclaret.org\/wp-content\/uploads\/2019\/05\/Mejoras-en-el-asentamiento-de-Lucena-del-Puerto-02-300x220.jpeg 300w, https:\/\/www.parroquiaclaret.org\/wp-content\/uploads\/2019\/05\/Mejoras-en-el-asentamiento-de-Lucena-del-Puerto-02-768x563.jpeg 768w, https:\/\/www.parroquiaclaret.org\/wp-content\/uploads\/2019\/05\/Mejoras-en-el-asentamiento-de-Lucena-del-Puerto-02-1024x751.jpeg 1024w, https:\/\/www.parroquiaclaret.org\/wp-content\/uploads\/2019\/05\/Mejoras-en-el-asentamiento-de-Lucena-del-Puerto-02.jpeg 1125w\" sizes=\"auto, (max-width: 300px) 100vw, 300px\" \/><\/a><\/p>\n<p><a href=\"https:\/\/www.parroquiaclaret.org\/2019\/05\/16\/mejoras-en-el-asentamiento-de-lucena-del-puerto\/mejoras-en-el-asentamiento-de-lucena-del-puerto-01\" rel=\"attachment wp-att-1136\"><img loading=\"lazy\" decoding=\"async\" class=\"alignleft size-medium wp-image-1136\" src=\"https:\/\/www.parroquiaclaret.org\/wp-content\/uploads\/2019\/05\/Mejoras-en-el-asentamiento-de-Lucena-del-Puerto-01-300x221.jpeg\" alt=\"\" width=\"300\" height=\"221\" srcset=\"https:\/\/www.parroquiaclaret.org\/wp-content\/uploads\/2019\/05\/Mejoras-en-el-asentamiento-de-Lucena-del-Puerto-01-300x221.jpeg 300w, https:\/\/www.parroquiaclaret.org\/wp-content\/uploads\/2019\/05\/Mejoras-en-el-asentamiento-de-Lucena-del-Puerto-01-768x567.jpeg 768w, https:\/\/www.parroquiaclaret.org\/wp-content\/uploads\/2019\/05\/Mejoras-en-el-asentamiento-de-Lucena-del-Puerto-01-1024x755.jpeg 1024w, https:\/\/www.parroquiaclaret.org\/wp-content\/uploads\/2019\/05\/Mejoras-en-el-asentamiento-de-Lucena-del-Puerto-01.jpeg 1125w\" sizes=\"auto, (max-width: 300px) 100vw, 300px\" \/><\/a><\/p>\n","protected":false},"excerpt":{"rendered":"<p>C\u00e1ritas Claret ha colaborado con la Archicofrad\u00eda de la Misi\u00f3n para mejorar las condiciones de vida del asentamiento de inmigrantes de Lucena del Puerto. Gracias a las aportaciones de los feligreses se van a instalar dep\u00f3sitos de agua y es est\u00e1n llevando a cabo los preliminares para la construcci\u00f3n de una iglesia.<\/p>\n","protected":false},"author":1,"featured_media":0,"comment_status":"closed","ping_status":"closed","sticky":false,"template":"","format":"standard","meta":{"footnotes":""},"categories":[58,67],"tags":[],"class_list":["post-1135","post","type-post","status-publish","format-standard","hentry","category-caritas-parroquial","category-inmigrantes"],"_links":{"self":[{"href":"https:\/\/www.parroquiaclaret.org\/index.php?rest_route=\/wp\/v2\/posts\/1135","targetHints":{"allow":["GET"]}}],"collection":[{"href":"https:\/\/www.parroquiaclaret.org\/index.php?rest_route=\/wp\/v2\/posts"}],"about":[{"href":"https:\/\/www.parroquiaclaret.org\/index.php?rest_route=\/wp\/v2\/types\/post"}],"author":[{"embeddable":true,"href":"https:\/\/www.parroquiaclaret.org\/index.php?rest_route=\/wp\/v2\/users\/1"}],"replies":[{"embeddable":true,"href":"https:\/\/www.parroquiaclaret.org\/index.php?rest_route=%2Fwp%2Fv2%2Fcomments&post=1135"}],"version-history":[{"count":2,"href":"https:\/\/www.parroquiaclaret.org\/index.php?rest_route=\/wp\/v2\/posts\/1135\/revisions"}],"predecessor-version":[{"id":1139,"href":"https:\/\/www.parroquiaclaret.org\/index.php?rest_route=\/wp\/v2\/posts\/1135\/revisions\/1139"}],"wp:attachment":[{"href":"https:\/\/www.parroquiaclaret.org\/index.php?rest_route=%2Fwp%2Fv2%2Fmedia&parent=1135"}],"wp:term":[{"taxonomy":"category","embeddable":true,"href":"https:\/\/www.parroquiaclaret.org\/index.php?rest_route=%2Fwp%2Fv2%2Fcategories&post=1135"},{"taxonomy":"post_tag","embeddable":true,"href":"https:\/\/www.parroquiaclaret.org\/index.php?rest_route=%2Fwp%2Fv2%2Ftags&post=1135"}],"curies":[{"name":"wp","href":"https:\/\/api.w.org\/{rel}","templated":true}]}}