{"id":1091,"date":"2019-02-25T16:48:08","date_gmt":"2019-02-25T15:48:08","guid":{"rendered":"https:\/\/www.parroquiaclaret.org\/rendicion-de-cuentas-2018-y-presupuesto-para-2019"},"modified":"2019-02-25T16:52:38","modified_gmt":"2019-02-25T15:52:38","slug":"rendicion-de-cuentas-2018-y-presupuesto-para-2019","status":"publish","type":"post","link":"https:\/\/www.parroquiaclaret.org\/?p=1091","title":{"rendered":"Rendici\u00f3n de cuentas 2018 y presupuesto para 2019"},"content":{"rendered":"<header class=\"entry-header cf\">\n<h2 class=\"entry-title\"><\/h2>\n<\/header>\n<div class=\"entry-content cf\">\n<p>Como todos los a\u00f1os publicamos en esta p\u00e1gina la rendici\u00f3n de cuentas correspondiente al ejercicio 2018 y que tambi\u00e9n figura en los tablones de entrada al templo.<\/p>\n<p>Aprovechamos para agradecer a todos sus aportaciones, indispensables para el sostenimiento de la parroquia, y les animamos a mantenerla en el presente ejercicio.<\/p>\n<p><a href=\"\/wp-content\/uploads\/2019\/02\/RENDICI\u00d3N-2018-PRESUPUESTO-2019.pdf\">RENDICI\u00d3N 2018 PRESUPUESTO 2019<\/a><\/p>\n<\/div>\n","protected":false},"excerpt":{"rendered":"<p>Como todos los a\u00f1os publicamos en esta p\u00e1gina la rendici\u00f3n de cuentas correspondiente al ejercicio 2018 y que tambi\u00e9n figura en los tablones de entrada al templo. Aprovechamos para agradecer a todos sus aportaciones, indispensables para el sostenimiento de la parroquia, y les animamos a mantenerla en el presente ejercicio. RENDICI\u00d3N 2018 PRESUPUESTO 2019<\/p>\n","protected":false},"author":1,"featured_media":0,"comment_status":"closed","ping_status":"closed","sticky":false,"template":"","format":"standard","meta":{"footnotes":""},"categories":[26,19,20],"tags":[],"class_list":["post-1091","post","type-post","status-publish","format-standard","hentry","category-donativos","category-la-parroquia","category-sostenimiento"],"_links":{"self":[{"href":"https:\/\/www.parroquiaclaret.org\/index.php?rest_route=\/wp\/v2\/posts\/1091","targetHints":{"allow":["GET"]}}],"collection":[{"href":"https:\/\/www.parroquiaclaret.org\/index.php?rest_route=\/wp\/v2\/posts"}],"about":[{"href":"https:\/\/www.parroquiaclaret.org\/index.php?rest_route=\/wp\/v2\/types\/post"}],"author":[{"embeddable":true,"href":"https:\/\/www.parroquiaclaret.org\/index.php?rest_route=\/wp\/v2\/users\/1"}],"replies":[{"embeddable":true,"href":"https:\/\/www.parroquiaclaret.org\/index.php?rest_route=%2Fwp%2Fv2%2Fcomments&post=1091"}],"version-history":[{"count":4,"href":"https:\/\/www.parroquiaclaret.org\/index.php?rest_route=\/wp\/v2\/posts\/1091\/revisions"}],"predecessor-version":[{"id":1095,"href":"https:\/\/www.parroquiaclaret.org\/index.php?rest_route=\/wp\/v2\/posts\/1091\/revisions\/1095"}],"wp:attachment":[{"href":"https:\/\/www.parroquiaclaret.org\/index.php?rest_route=%2Fwp%2Fv2%2Fmedia&parent=1091"}],"wp:term":[{"taxonomy":"category","embeddable":true,"href":"https:\/\/www.parroquiaclaret.org\/index.php?rest_route=%2Fwp%2Fv2%2Fcategories&post=1091"},{"taxonomy":"post_tag","embeddable":true,"href":"https:\/\/www.parroquiaclaret.org\/index.php?rest_route=%2Fwp%2Fv2%2Ftags&post=1091"}],"curies":[{"name":"wp","href":"https:\/\/api.w.org\/{rel}","templated":true}]}}