{"id":1012,"date":"2019-02-04T18:10:22","date_gmt":"2019-02-04T17:10:22","guid":{"rendered":"https:\/\/www.parroquiaclaret.org\/celebracion-de-la-candelaria-2019"},"modified":"2019-02-04T18:12:24","modified_gmt":"2019-02-04T17:12:24","slug":"celebracion-de-la-candelaria-2019","status":"publish","type":"post","link":"https:\/\/www.parroquiaclaret.org\/?p=1012","title":{"rendered":"Celebraci\u00f3n de la Candelaria 2019"},"content":{"rendered":"<p style=\"text-align: left;\">El domin<a href=\"https:\/\/www.parroquiaclaret.org\/2019\/02\/04\/celebracion-de-la-candelaria-2019\/20190203_celebracioncandelaria2\" rel=\"attachment wp-att-1014\"><img loading=\"lazy\" decoding=\"async\" class=\"size-medium wp-image-1014 alignleft\" src=\"https:\/\/www.parroquiaclaret.org\/wp-content\/uploads\/2019\/02\/20190203_CelebracionCandelaria2-300x225.jpg\" alt=\"\" width=\"300\" height=\"225\" srcset=\"https:\/\/www.parroquiaclaret.org\/wp-content\/uploads\/2019\/02\/20190203_CelebracionCandelaria2-300x225.jpg 300w, https:\/\/www.parroquiaclaret.org\/wp-content\/uploads\/2019\/02\/20190203_CelebracionCandelaria2-768x576.jpg 768w, https:\/\/www.parroquiaclaret.org\/wp-content\/uploads\/2019\/02\/20190203_CelebracionCandelaria2-1024x768.jpg 1024w, https:\/\/www.parroquiaclaret.org\/wp-content\/uploads\/2019\/02\/20190203_CelebracionCandelaria2.jpg 1600w\" sizes=\"auto, (max-width: 300px) 100vw, 300px\" \/><\/a>go 3 de febrero se ha tenido la tradicional celebraci\u00f3n de la Candelaria en nuestra Parroquia en la misa de 12&#8217;30. En ella han participado un buen grupo de familias que han bautizado a sus hijos en el \u00faltimo a\u00f1o. Ha sido una celebraci\u00f3n hermosa en la que se ha hecho bien patente el amor a la vida y el ofrecimiento de los hijos a Dios. Al final de la celebraci\u00f3n las madres consagraron a sus hijos el Coraz\u00f3n Inmaculado de Mar\u00eda. <a href=\"https:\/\/www.parroquiaclaret.org\/2019\/02\/04\/celebracion-de-la-candelaria-2019\/20190203_celebracioncandelaria3\" rel=\"attachment wp-att-1015\"><img loading=\"lazy\" decoding=\"async\" class=\"size-medium wp-image-1015 aligncenter\" src=\"https:\/\/www.parroquiaclaret.org\/wp-content\/uploads\/2019\/02\/20190203_CelebracionCandelaria3-300x225.jpg\" alt=\"\" width=\"300\" height=\"225\" srcset=\"https:\/\/www.parroquiaclaret.org\/wp-content\/uploads\/2019\/02\/20190203_CelebracionCandelaria3-300x225.jpg 300w, https:\/\/www.parroquiaclaret.org\/wp-content\/uploads\/2019\/02\/20190203_CelebracionCandelaria3-768x576.jpg 768w, https:\/\/www.parroquiaclaret.org\/wp-content\/uploads\/2019\/02\/20190203_CelebracionCandelaria3-1024x768.jpg 1024w, https:\/\/www.parroquiaclaret.org\/wp-content\/uploads\/2019\/02\/20190203_CelebracionCandelaria3.jpg 1600w\" sizes=\"auto, (max-width: 300px) 100vw, 300px\" \/><\/a><a href=\"https:\/\/www.parroquiaclaret.org\/2019\/02\/04\/celebracion-de-la-candelaria-2019\/20190203_celebracioncandelaria1\" rel=\"attachment wp-att-1013\"><img loading=\"lazy\" decoding=\"async\" class=\"size-medium wp-image-1013 alignnone\" src=\"https:\/\/www.parroquiaclaret.org\/wp-content\/uploads\/2019\/02\/20190203_CelebracionCandelaria1-225x300.jpg\" alt=\"\" width=\"225\" height=\"300\" srcset=\"https:\/\/www.parroquiaclaret.org\/wp-content\/uploads\/2019\/02\/20190203_CelebracionCandelaria1-225x300.jpg 225w, https:\/\/www.parroquiaclaret.org\/wp-content\/uploads\/2019\/02\/20190203_CelebracionCandelaria1-768x1024.jpg 768w, https:\/\/www.parroquiaclaret.org\/wp-content\/uploads\/2019\/02\/20190203_CelebracionCandelaria1.jpg 1200w\" sizes=\"auto, (max-width: 225px) 100vw, 225px\" \/><\/a> <a href=\"https:\/\/www.parroquiaclaret.org\/2019\/02\/04\/celebracion-de-la-candelaria-2019\/20190203_celebracioncandelaria4\" rel=\"attachment wp-att-1016\"><img loading=\"lazy\" decoding=\"async\" class=\"alignleft size-medium wp-image-1016\" src=\"https:\/\/www.parroquiaclaret.org\/wp-content\/uploads\/2019\/02\/20190203_CelebracionCandelaria4-225x300.jpg\" alt=\"\" width=\"225\" height=\"300\" srcset=\"https:\/\/www.parroquiaclaret.org\/wp-content\/uploads\/2019\/02\/20190203_CelebracionCandelaria4-225x300.jpg 225w, https:\/\/www.parroquiaclaret.org\/wp-content\/uploads\/2019\/02\/20190203_CelebracionCandelaria4-768x1024.jpg 768w, https:\/\/www.parroquiaclaret.org\/wp-content\/uploads\/2019\/02\/20190203_CelebracionCandelaria4.jpg 1200w\" sizes=\"auto, (max-width: 225px) 100vw, 225px\" \/><\/a> <a href=\"https:\/\/www.parroquiaclaret.org\/2019\/02\/04\/celebracion-de-la-candelaria-2019\/20190203_celebracioncandelaria5\" rel=\"attachment wp-att-1017\"><img loading=\"lazy\" decoding=\"async\" class=\"alignleft size-medium wp-image-1017\" src=\"https:\/\/www.parroquiaclaret.org\/wp-content\/uploads\/2019\/02\/20190203_CelebracionCandelaria5-300x225.jpg\" alt=\"\" width=\"300\" height=\"225\" srcset=\"https:\/\/www.parroquiaclaret.org\/wp-content\/uploads\/2019\/02\/20190203_CelebracionCandelaria5-300x225.jpg 300w, https:\/\/www.parroquiaclaret.org\/wp-content\/uploads\/2019\/02\/20190203_CelebracionCandelaria5-768x576.jpg 768w, https:\/\/www.parroquiaclaret.org\/wp-content\/uploads\/2019\/02\/20190203_CelebracionCandelaria5-1024x768.jpg 1024w, https:\/\/www.parroquiaclaret.org\/wp-content\/uploads\/2019\/02\/20190203_CelebracionCandelaria5.jpg 1600w\" sizes=\"auto, (max-width: 300px) 100vw, 300px\" \/><\/a><\/p>\n","protected":false},"excerpt":{"rendered":"<p>El domingo 3 de febrero se ha tenido la tradicional celebraci\u00f3n de la Candelaria en nuestra Parroquia en la misa de 12&#8217;30. En ella han participado un buen grupo de familias que han bautizado a sus hijos en el \u00faltimo a\u00f1o. Ha sido una celebraci\u00f3n hermosa en la que se ha hecho bien patente el [&hellip;]<\/p>\n","protected":false},"author":1,"featured_media":0,"comment_status":"closed","ping_status":"closed","sticky":false,"template":"","format":"standard","meta":{"footnotes":""},"categories":[66,18],"tags":[],"class_list":["post-1012","post","type-post","status-publish","format-standard","hentry","category-candelaria","category-ninos"],"_links":{"self":[{"href":"https:\/\/www.parroquiaclaret.org\/index.php?rest_route=\/wp\/v2\/posts\/1012","targetHints":{"allow":["GET"]}}],"collection":[{"href":"https:\/\/www.parroquiaclaret.org\/index.php?rest_route=\/wp\/v2\/posts"}],"about":[{"href":"https:\/\/www.parroquiaclaret.org\/index.php?rest_route=\/wp\/v2\/types\/post"}],"author":[{"embeddable":true,"href":"https:\/\/www.parroquiaclaret.org\/index.php?rest_route=\/wp\/v2\/users\/1"}],"replies":[{"embeddable":true,"href":"https:\/\/www.parroquiaclaret.org\/index.php?rest_route=%2Fwp%2Fv2%2Fcomments&post=1012"}],"version-history":[{"count":3,"href":"https:\/\/www.parroquiaclaret.org\/index.php?rest_route=\/wp\/v2\/posts\/1012\/revisions"}],"predecessor-version":[{"id":1020,"href":"https:\/\/www.parroquiaclaret.org\/index.php?rest_route=\/wp\/v2\/posts\/1012\/revisions\/1020"}],"wp:attachment":[{"href":"https:\/\/www.parroquiaclaret.org\/index.php?rest_route=%2Fwp%2Fv2%2Fmedia&parent=1012"}],"wp:term":[{"taxonomy":"category","embeddable":true,"href":"https:\/\/www.parroquiaclaret.org\/index.php?rest_route=%2Fwp%2Fv2%2Fcategories&post=1012"},{"taxonomy":"post_tag","embeddable":true,"href":"https:\/\/www.parroquiaclaret.org\/index.php?rest_route=%2Fwp%2Fv2%2Ftags&post=1012"}],"curies":[{"name":"wp","href":"https:\/\/api.w.org\/{rel}","templated":true}]}}